{"id":35530,"date":"2007-02-16T08:48:27","date_gmt":"2007-02-16T07:48:27","guid":{"rendered":"https:\/\/mancomun.gal\/premio-software-libre-de-eganet\/"},"modified":"2023-05-09T17:12:52","modified_gmt":"2023-05-09T15:12:52","slug":"premio-software-libre-de-eganet","status":"publish","type":"post","link":"https:\/\/mancomun.gal\/es\/premio-software-libre-de-eganet\/","title":{"rendered":"Premio Software Libre de Eganet"},"content":{"rendered":"<div align=\"justify\"><!-- \t\t@page { size: 21cm 29.7cm; margin: 2cm } \t\tP { margin-bottom: 0.21cm } \t--><a target=\"_blank\" title=\"Eganet\" href=\"http:\/\/www.eganet.org\/\" rel=\"noopener\"><img loading=\"lazy\" decoding=\"async\" width=\"146\" vspace=\"2\" hspace=\"3\" height=\"46\" border=\"0\" align=\"left\" alt=\"Eganet\" title=\"Eganet\" src=\"https:\/\/mancomun.gal\/wp-content\/uploads\/2022\/09\/logo-eganetprw.jpg\" \/>EGANET<\/a>, asociaci\u00f3n de Empresas Galegas Adicadas a Internet e \u00e1s Novas Tecnolox\u00edas, convoca a <a target=\"_blank\" title=\"IV Premios Eganet\" href=\"http:\/\/www.premioseganet.com\/default.asp\" rel=\"noopener\">IV edici\u00f3n dos seus premios anuais<\/a>  para\u00a0    \t \t \t \t \t \t \t \testimular o labor de creaci\u00f3n dos empresarios e profesionais que, sent\u00edndose comprometidos coa expansi\u00f3n da Sociedade da Informaci\u00f3n en Galicia, dese\u00f1an, programan e desenvolven produtos e servizos que te\u00f1en en internet e as novas tecnolox\u00edas da informaci\u00f3n a s\u00faa raz\u00f3n de ser.<\/div>\n<div align=\"justify\">\u00a0<\/div>\n<div align=\"justify\">Destaca a existencia dun galard\u00f3n para o <a target=\"_blank\" title=\"Categor\u00edas Premios Eganet\" href=\"http:\/\/www.premioseganet.com\/categorias.asp\" rel=\"noopener\">Software Libre<\/a>. <!-- \t\t@page { size: 21cm 29.7cm; margin: 2cm } \t\tP { margin-bottom: 0.21cm } \t-->Premiarase nesta categor\u00eda o uso e a difusi\u00f3n de tecnolox\u00edas de c\u00f3digo aberto tanto por parte de empresas privadas coma de administraci\u00f3ns p\u00fablicas, consider\u00e1ndose especialmente a contribuci\u00f3n de tal uso \u00e1s comunidades opensource e galega.\u00a0  <\/div>\n<div align=\"justify\">\u00a0<\/div>\n<p><\/p>\n<div align=\"justify\"><!-- \t\t@page { size: 21cm 29.7cm; margin: 2cm } \t\tP { margin-bottom: 0.21cm } \t-->Ademais do Premio ao Software Libre haber\u00e1 galard\u00f3n \u00e1s mellores p\u00e1xinas web de comercio electr\u00f3nico, institucional, \u00e1 mellor aplicaci\u00f3n online&#8230; as\u00ed ata completar 9 categor\u00edas diferentes. Os interesados deben enviar as s\u00faas candidaturas antes do 15 de marzo a <a target=\"_blank\" title=\"Env\u00edo de candidaturas\" href=\"https:\/\/www.mancomun.gal\/mailto:candidaturas@premioseganet.com\" rel=\"noopener\">candidaturas@premioseganet.com<\/a>.<\/div>\n<p align=\"justify\">Os premiados recibir\u00e1n un trofeo representativo exclusivo, dese\u00f1ado por un artista galego e fabricado en Galicia.    \t \t \t \t \t \t \t \tOs premiados poder\u00e1n facer publicidade do galard\u00f3n, sempre que se especifique claramente en lugar visible o ano e categor\u00eda premiada.   \t \t \t \t \t \t \t \t \t<!-- \t\t@page { size: 21cm 29.7cm; margin: 2cm } \t\tP { margin-bottom: 0.21cm } \t-->EGANET entregar\u00e1 un logo acreditativo da condici\u00f3n de ga\u00f1ador ou finalista dos Premios EGANET.  <\/p>\n","protected":false},"excerpt":{"rendered":"<div align=\"justify\"><!-- \t\t@page { size: 21cm 29.7cm; margin: 2cm } \t\tP { margin-bottom: 0.21cm } \t--><a target=\"_blank\" title=\"Eganet\" href=\"http:\/\/www.eganet.org\/\" rel=\"noopener\"><img loading=\"lazy\" decoding=\"async\" width=\"146\" vspace=\"2\" hspace=\"3\" height=\"46\" border=\"0\" align=\"left\" alt=\"Eganet\" title=\"Eganet\" src=\"https:\/\/www.mancomun.gal\/wp-content\/uploads\/uploads\/pics\/stories\/logo%20eganetprw.jpg\" \/>EGANET<\/a>, asociaci\u00f3n de Empresas Galegas Adicadas a Internet e \u00e1s Novas Tecnolox\u00edas, convoca a <a target=\"_blank\" title=\"IV Premios Eganet\" href=\"http:\/\/www.premioseganet.com\/default.asp\" rel=\"noopener\">IV edici\u00f3n dos seus premios anuais<\/a>  para\u00a0    \t \t \t \t \t \t \t \testimular o labor de creaci\u00f3n dos empresarios e profesionais que, sent\u00edndose comprometidos coa expansi\u00f3n da Sociedade da Informaci\u00f3n en Galicia, dese\u00f1an, programan e desenvolven produtos e servizos que te\u00f1en en internet e as novas tecnolox\u00edas da informaci\u00f3n a s\u00faa raz\u00f3n de ser.<\/div>\n<div align=\"justify\">\u00a0<\/div>\n<div align=\"justify\">Destaca a existencia dun galard\u00f3n para o <a target=\"_blank\" title=\"Categor\u00edas Premios Eganet\" href=\"http:\/\/www.premioseganet.com\/categorias.asp\" rel=\"noopener\">Software Libre<\/a>. <!-- \t\t@page { size: 21cm 29.7cm; margin: 2cm } \t\tP { margin-bottom: 0.21cm } \t-->Premiarase nesta categor\u00eda o uso e a difusi\u00f3n de tecnolox\u00edas de c\u00f3digo aberto tanto por parte de empresas privadas coma de administraci\u00f3ns p\u00fablicas, consider\u00e1ndose especialmente a contribuci\u00f3n de tal uso \u00e1s comunidades opensource e galega.\u00a0  <\/div>\n<div align=\"justify\">\u00a0<\/div>\n","protected":false},"author":5,"featured_media":1342,"comment_status":"open","ping_status":"open","sticky":false,"template":"","format":"standard","meta":{"footnotes":""},"categories":[],"tags":[],"class_list":["post-35530","post","type-post","status-publish","format-standard","has-post-thumbnail","hentry"],"acf":[],"_links":{"self":[{"href":"https:\/\/mancomun.gal\/es\/wp-json\/wp\/v2\/posts\/35530","targetHints":{"allow":["GET"]}}],"collection":[{"href":"https:\/\/mancomun.gal\/es\/wp-json\/wp\/v2\/posts"}],"about":[{"href":"https:\/\/mancomun.gal\/es\/wp-json\/wp\/v2\/types\/post"}],"author":[{"embeddable":true,"href":"https:\/\/mancomun.gal\/es\/wp-json\/wp\/v2\/users\/5"}],"replies":[{"embeddable":true,"href":"https:\/\/mancomun.gal\/es\/wp-json\/wp\/v2\/comments?post=35530"}],"version-history":[{"count":1,"href":"https:\/\/mancomun.gal\/es\/wp-json\/wp\/v2\/posts\/35530\/revisions"}],"predecessor-version":[{"id":35531,"href":"https:\/\/mancomun.gal\/es\/wp-json\/wp\/v2\/posts\/35530\/revisions\/35531"}],"wp:featuredmedia":[{"embeddable":true,"href":"https:\/\/mancomun.gal\/es\/wp-json\/wp\/v2\/media\/1342"}],"wp:attachment":[{"href":"https:\/\/mancomun.gal\/es\/wp-json\/wp\/v2\/media?parent=35530"}],"wp:term":[{"taxonomy":"category","embeddable":true,"href":"https:\/\/mancomun.gal\/es\/wp-json\/wp\/v2\/categories?post=35530"},{"taxonomy":"post_tag","embeddable":true,"href":"https:\/\/mancomun.gal\/es\/wp-json\/wp\/v2\/tags?post=35530"}],"curies":[{"name":"wp","href":"https:\/\/api.w.org\/{rel}","templated":true}]}}