{"id":35541,"date":"2007-02-21T13:27:45","date_gmt":"2007-02-21T12:27:45","guid":{"rendered":"https:\/\/mancomun.gal\/conferencia-sobre-reciclaxe-de-ordenadores-e-software-libre\/"},"modified":"2023-05-09T17:12:59","modified_gmt":"2023-05-09T15:12:59","slug":"conferencia-sobre-reciclaxe-de-ordenadores-e-software-libre","status":"publish","type":"post","link":"https:\/\/mancomun.gal\/es\/conferencia-sobre-reciclaxe-de-ordenadores-e-software-libre\/","title":{"rendered":"Conferencia sobre reciclaxe de ordenadores e Software Libre"},"content":{"rendered":"<div align=\"justify\"><img loading=\"lazy\" decoding=\"async\" width=\"81\" vspace=\"2\" hspace=\"3\" height=\"68\" border=\"0\" align=\"left\" title=\"GALPon\" alt=\"GALPon\" src=\"https:\/\/mancomun.gal\/wp-content\/uploads\/2022\/09\/galpon_animales_small.png\" \/>No marco do proxecto <a title=\"GRUVI\" target=\"_blank\" href=\"http:\/\/www.galpon.org\/modules\/phpwiki\/index.php\/Recuperaci%F3n%20equipos%20inform%E1ticos%20para%20ONGs\" rel=\"noopener\">GRUVI (Grupo de Reciclaxe Inform\u00e1tica da Universidade de Vigo)<\/a>, cel\u00e9brase unha conferencia co t\u00edtulo:<strong><em>\u00abO software libre e a reciclaxe inform\u00e1tica: c\u00f3mo eliminar a fenda dixital\u00bb.<\/em><\/strong>Contar\u00e1 coa participaci\u00f3n de Juan Pablo S\u00e1nchez Beltr\u00e1n, fundador de <a target=\"_blank\" title=\"TESO\" href=\"http:\/\/www.teso.org.es\/texto\/index.html\" rel=\"noopener\">TESO<\/a>&#8211; Telecomunicaciones Solidarias (Valencia), unha das ONG pioneiras en Espa\u00f1a na reciclaxe de residuos inform\u00e1ticas e na difusi\u00f3n de Software Libre e Carlos Rodr\u00edguez Garc\u00eda, presidente de GALPON (Grupo de Amigos de Linux de Pontevedra). Ter\u00e1 lugar en Vigo o venres 23 de febreiro \u00e1s 12 horas na aula I, Edificio Miralles, Campus de Lagoas-Marcosende.<\/div>\n<div align=\"justify\">\u00a0<\/div>\n<p><\/p>\n<div align=\"justify\">*M\u00e1is Informaci\u00f3n: OSIX-Campus de Vigo           <br \/>                &#8211; Edificio de Deportes, Tfnos: 986 81 40 60 \/ 35    <br \/>        &#8211; EU de Estudos Empresariais, Tfno: 986 81 39 95<br \/>        Correo-e: <a target=\"_blank\" href=\"https:\/\/www.mancomun.gal\/mailto:osix@uvigo.es\" rel=\"noopener\">osix@uvigo.es;<\/a>  <a target=\"_blank\" href=\"https:\/\/www.mancomun.gal\/mailto:osix-to@uvigo.es\" rel=\"noopener\">osix-to@uvigo.es<\/a><\/div>\n","protected":false},"excerpt":{"rendered":"<div align=\"justify\"><img loading=\"lazy\" decoding=\"async\" width=\"81\" vspace=\"2\" hspace=\"3\" height=\"68\" border=\"0\" align=\"left\" title=\"GALPon\" alt=\"GALPon\" src=\"https:\/\/www.mancomun.gal\/wp-content\/uploads\/uploads\/pics\/stories\/galpon_animales_small.png\" \/>No marco do proxecto <a title=\"GRUVI\" target=\"_blank\" href=\"http:\/\/www.galpon.org\/modules\/phpwiki\/index.php\/Recuperaci%F3n%20equipos%20inform%E1ticos%20para%20ONGs\" rel=\"noopener\">GRUVI (Grupo de Reciclaxe Inform\u00e1tica da Universidade de Vigo)<\/a>, cel\u00e9brase unha conferencia co t\u00edtulo:<strong><em>\u00abO software libre e a reciclaxe inform\u00e1tica: c\u00f3mo eliminar a fenda dixital\u00bb.<\/em><\/strong>Contar\u00e1 coa participaci\u00f3n de Juan Pablo S\u00e1nchez Beltr\u00e1n, fundador de <a target=\"_blank\" title=\"TESO\" href=\"http:\/\/www.teso.org.es\/texto\/index.html\" rel=\"noopener\">TESO<\/a>&#8211; Telecomunicaciones Solidarias (Valencia), unha das ONG pioneiras en Espa\u00f1a na reciclaxe de residuos inform\u00e1ticas e na difusi\u00f3n de Software Libre e Carlos Rodr\u00edguez Garc\u00eda, presidente de GALPON (Grupo de Amigos de Linux de Pontevedra). Ter\u00e1 lugar en Vigo o venres 23 de febreiro \u00e1s 12 horas na aula I, Edificio Miralles, Campus de Lagoas-Marcosende.<\/div>\n<div align=\"justify\">\u00a0<\/div>\n","protected":false},"author":5,"featured_media":1067,"comment_status":"open","ping_status":"open","sticky":false,"template":"","format":"standard","meta":{"footnotes":""},"categories":[],"tags":[],"class_list":["post-35541","post","type-post","status-publish","format-standard","has-post-thumbnail","hentry"],"acf":[],"_links":{"self":[{"href":"https:\/\/mancomun.gal\/es\/wp-json\/wp\/v2\/posts\/35541","targetHints":{"allow":["GET"]}}],"collection":[{"href":"https:\/\/mancomun.gal\/es\/wp-json\/wp\/v2\/posts"}],"about":[{"href":"https:\/\/mancomun.gal\/es\/wp-json\/wp\/v2\/types\/post"}],"author":[{"embeddable":true,"href":"https:\/\/mancomun.gal\/es\/wp-json\/wp\/v2\/users\/5"}],"replies":[{"embeddable":true,"href":"https:\/\/mancomun.gal\/es\/wp-json\/wp\/v2\/comments?post=35541"}],"version-history":[{"count":1,"href":"https:\/\/mancomun.gal\/es\/wp-json\/wp\/v2\/posts\/35541\/revisions"}],"predecessor-version":[{"id":35542,"href":"https:\/\/mancomun.gal\/es\/wp-json\/wp\/v2\/posts\/35541\/revisions\/35542"}],"wp:featuredmedia":[{"embeddable":true,"href":"https:\/\/mancomun.gal\/es\/wp-json\/wp\/v2\/media\/1067"}],"wp:attachment":[{"href":"https:\/\/mancomun.gal\/es\/wp-json\/wp\/v2\/media?parent=35541"}],"wp:term":[{"taxonomy":"category","embeddable":true,"href":"https:\/\/mancomun.gal\/es\/wp-json\/wp\/v2\/categories?post=35541"},{"taxonomy":"post_tag","embeddable":true,"href":"https:\/\/mancomun.gal\/es\/wp-json\/wp\/v2\/tags?post=35541"}],"curies":[{"name":"wp","href":"https:\/\/api.w.org\/{rel}","templated":true}]}}