{"id":35543,"date":"2007-02-22T09:50:00","date_gmt":"2007-02-22T08:50:00","guid":{"rendered":"https:\/\/mancomun.gal\/aberto-o-prazo-para-a-inscricion-para-as-dudesconf-sobre-debian-na-coruna\/"},"modified":"2023-05-09T17:13:03","modified_gmt":"2023-05-09T15:13:03","slug":"aberto-o-prazo-para-a-inscricion-para-as-dudesconf-sobre-debian-na-coruna","status":"publish","type":"post","link":"https:\/\/mancomun.gal\/es\/aberto-o-prazo-para-a-inscricion-para-as-dudesconf-sobre-debian-na-coruna\/","title":{"rendered":"Aberto o prazo para a inscrici\u00f3n para as DudesConf sobre Debian na Coru\u00f1a"},"content":{"rendered":"<p align=\"justify\"><img loading=\"lazy\" decoding=\"async\" width=\"108\" vspace=\"3\" hspace=\"2\" height=\"108\" border=\"0\" align=\"left\" alt=\"Gpul\" title=\"Gpul\" src=\"https:\/\/mancomun.gal\/wp-content\/uploads\/2022\/09\/logogpul_sin_cuadro.jpg\" \/>A <a target=\"_blank\" title=\"DudesConf\" href=\"http:\/\/www.dudesconf.org\/index.html\" rel=\"noopener\">DudesConf<\/a>  ten por obxectivo reunir aos desenvolvedores do proxecto [[Debian]] GNU\/Linux e as s\u00faas distribuci\u00f3ns derivadas para <a target=\"_blank\" title=\"Inscrici\u00f3n\" href=\"http:\/\/www.dudesconf.org\/inscripcion.html\" rel=\"noopener\">colaborar<\/a>  xuntos no desenvolvemento da distribuci\u00f3n e intercambiar opini\u00f3ns sobre a\u00a0 marcha do proxecto. Ter\u00e1 lugar do d\u00eda 13 ao d\u00eda 15 de abril na Coru\u00f1a hospedada polo <a href=\"http:\/\/www.gpul.org\/\">GPUL<\/a>, grupo de programadores e usuarios de Linux da Coru\u00f1a.<\/p>\n<p><\/p>\n<div align=\"justify\">A organizaci\u00f3n pon a disposici\u00f3n dos asistentes facilidades para o <a target=\"_blank\" title=\"Aloxamento e comida\" href=\"http:\/\/www.dudesconf.org\/alojamiento.html\" rel=\"noopener\">aloxamento e a comida<\/a>. Conta coa <a target=\"_blank\" title=\"Colaboraci\u00f3n\" href=\"http:\/\/www.dudesconf.org\/patrocinadores.html\" rel=\"noopener\">colaboraci\u00f3n<\/a>  da Universidade da Coru\u00f1a, a Deputaci\u00f3n da Coru\u00f1a e Mancomun.org. <\/div>\n","protected":false},"excerpt":{"rendered":"<p align=\"justify\"><img loading=\"lazy\" decoding=\"async\" width=\"108\" vspace=\"3\" hspace=\"2\" height=\"108\" border=\"0\" align=\"left\" alt=\"Gpul\" title=\"Gpul\" src=\"https:\/\/www.mancomun.gal\/wp-content\/uploads\/uploads\/pics\/stories\/logogpul_sin_cuadro.jpg\" \/>A <a target=\"_blank\" title=\"DudesConf\" href=\"http:\/\/www.dudesconf.org\/index.html\" rel=\"noopener\">DudesConf<\/a>  ten por obxectivo reunir aos desenvolvedores do proxecto [[Debian]] GNU\/Linux e as s\u00faas distribuci\u00f3ns derivadas para <a target=\"_blank\" title=\"Inscrici\u00f3n\" href=\"http:\/\/www.dudesconf.org\/inscripcion.html\" rel=\"noopener\">colaborar<\/a>  xuntos no desenvolvemento da distribuci\u00f3n e intercambiar opini\u00f3ns sobre a\u00a0 marcha do proxecto. Ter\u00e1 lugar do d\u00eda 13 ao d\u00eda 15 de abril na Coru\u00f1a hospedada polo <a href=\"http:\/\/www.gpul.org\/\">GPUL<\/a>, grupo de programadores e usuarios de Linux da Coru\u00f1a.<\/p>\n","protected":false},"author":5,"featured_media":242,"comment_status":"open","ping_status":"open","sticky":false,"template":"","format":"standard","meta":{"footnotes":""},"categories":[],"tags":[],"class_list":["post-35543","post","type-post","status-publish","format-standard","has-post-thumbnail","hentry"],"acf":[],"_links":{"self":[{"href":"https:\/\/mancomun.gal\/es\/wp-json\/wp\/v2\/posts\/35543","targetHints":{"allow":["GET"]}}],"collection":[{"href":"https:\/\/mancomun.gal\/es\/wp-json\/wp\/v2\/posts"}],"about":[{"href":"https:\/\/mancomun.gal\/es\/wp-json\/wp\/v2\/types\/post"}],"author":[{"embeddable":true,"href":"https:\/\/mancomun.gal\/es\/wp-json\/wp\/v2\/users\/5"}],"replies":[{"embeddable":true,"href":"https:\/\/mancomun.gal\/es\/wp-json\/wp\/v2\/comments?post=35543"}],"version-history":[{"count":1,"href":"https:\/\/mancomun.gal\/es\/wp-json\/wp\/v2\/posts\/35543\/revisions"}],"predecessor-version":[{"id":35544,"href":"https:\/\/mancomun.gal\/es\/wp-json\/wp\/v2\/posts\/35543\/revisions\/35544"}],"wp:featuredmedia":[{"embeddable":true,"href":"https:\/\/mancomun.gal\/es\/wp-json\/wp\/v2\/media\/242"}],"wp:attachment":[{"href":"https:\/\/mancomun.gal\/es\/wp-json\/wp\/v2\/media?parent=35543"}],"wp:term":[{"taxonomy":"category","embeddable":true,"href":"https:\/\/mancomun.gal\/es\/wp-json\/wp\/v2\/categories?post=35543"},{"taxonomy":"post_tag","embeddable":true,"href":"https:\/\/mancomun.gal\/es\/wp-json\/wp\/v2\/tags?post=35543"}],"curies":[{"name":"wp","href":"https:\/\/api.w.org\/{rel}","templated":true}]}}