{"id":35547,"date":"2007-02-22T09:24:51","date_gmt":"2007-02-22T08:24:51","guid":{"rendered":"https:\/\/mancomun.gal\/xornadas-descubrelinux-07-de-aulusc\/"},"modified":"2023-05-09T17:13:05","modified_gmt":"2023-05-09T15:13:05","slug":"xornadas-descubrelinux-07-de-aulusc","status":"publish","type":"post","link":"https:\/\/mancomun.gal\/es\/xornadas-descubrelinux-07-de-aulusc\/","title":{"rendered":"Xornadas DescubreLinux 07 de Aulusc"},"content":{"rendered":"<div align=\"justify\"> <\/div>\n<p align=\"justify\"><img loading=\"lazy\" decoding=\"async\" width=\"130\" vspace=\"2\" hspace=\"10\" height=\"83\" border=\"0\" align=\"right\" alt=\"Aulusc\" title=\"Aulusc\" src=\"https:\/\/mancomun.gal\/wp-content\/uploads\/2022\/09\/aulusc_logo.png\" \/>Por segundo ano dende <a target=\"_blank\" title=\"AULUSC\" href=\"http:\/\/www.aulusc.org.es\/\" rel=\"noopener\">AULUSC<\/a> e coa colaboraci\u00f3n da <a title=\"ETSE\" target=\"_blank\" href=\"http:\/\/www.usc.es\/%7Eetse\/\" rel=\"noopener\">ETSE<\/a>, cel\u00e9branse as <a target=\"_blank\" title=\"DescubreLinux07\" href=\"http:\/\/www.usc.es\/asociacions\/aulusc\/?q=en\/descubrelinux07\" rel=\"noopener\">Xornadas DescubreLinux07<\/a>  para aqueles que estean interesados en <a title=\"Inscrici\u00f3n\" target=\"_blank\" href=\"http:\/\/www.aulusc.org.es\/descubrelinux07\" rel=\"noopener\">inscribirse<\/a>  en dar os primeiros pasos con GNU\/Linux. O obxectivo desta actividade \u00e9 facilitar a iniciaci\u00f3n no uso de  tanto dos sistemas operativos coma das aplicaci\u00f3ns libres. Estas xornadas comezan o d\u00eda 1 de marzo e rematan o d\u00eda 29.<\/p>\n<p><\/p>\n<div align=\"justify\">Organizarase unha install party e realizaremos diveros talleres e mostras para vencer o medo dos non iniciados e as posibilidades de traballo sobre Linux. As xornadas son especialmente interesantes para os alumnos de primeiro curso da Enxe\u00f1er\u00eda T\u00e9cnica e Inform\u00e1tica de Sistemas posto que realizar\u00e1n pr\u00e1cticas sobre esta plataforma a\u00ednda que est\u00e1n abertas a todo o mundo que te\u00f1a interese en Linux e nas ferramentas libres.<\/div>\n<div align=\"justify\">\u00a0<\/div>\n<div align=\"justify\">A<a target=\"_blank\" title=\"Lista de actividades\" href=\"http:\/\/www.usc.es\/asociacions\/aulusc\/?q=en\/descubrelinux07\" rel=\"noopener\"> lista de actividades<\/a> est\u00e1 dispo\u00f1ible na web de Aulusc e incl\u00fae talleres de introduci\u00f3n a GNOME, OpenOffice.org, Gimp, ou redes wireless entre outras actividades. <\/div>\n","protected":false},"excerpt":{"rendered":"<div align=\"justify\"> <\/div>\n<p align=\"justify\"><img loading=\"lazy\" decoding=\"async\" width=\"130\" vspace=\"2\" hspace=\"10\" height=\"83\" border=\"0\" align=\"right\" alt=\"Aulusc\" title=\"Aulusc\" src=\"https:\/\/www.mancomun.gal\/wp-content\/uploads\/uploads\/pics\/stories\/aulusc_logo.png\" \/>Por segundo ano dende <a target=\"_blank\" title=\"AULUSC\" href=\"http:\/\/www.aulusc.org.es\/\" rel=\"noopener\">AULUSC<\/a> e coa colaboraci\u00f3n da <a title=\"ETSE\" target=\"_blank\" href=\"http:\/\/www.usc.es\/%7Eetse\/\" rel=\"noopener\">ETSE<\/a>, cel\u00e9branse as <a target=\"_blank\" title=\"DescubreLinux07\" href=\"http:\/\/www.usc.es\/asociacions\/aulusc\/?q=en\/descubrelinux07\" rel=\"noopener\">Xornadas DescubreLinux07<\/a>  para aqueles que estean interesados en <a title=\"Inscrici\u00f3n\" target=\"_blank\" href=\"http:\/\/www.aulusc.org.es\/descubrelinux07\" rel=\"noopener\">inscribirse<\/a>  en dar os primeiros pasos con GNU\/Linux. O obxectivo desta actividade \u00e9 facilitar a iniciaci\u00f3n no uso de  tanto dos sistemas operativos coma das aplicaci\u00f3ns libres. Estas xornadas comezan o d\u00eda 1 de marzo e rematan o d\u00eda 29.<\/p>\n","protected":false},"author":5,"featured_media":1365,"comment_status":"open","ping_status":"open","sticky":false,"template":"","format":"standard","meta":{"footnotes":""},"categories":[],"tags":[],"class_list":["post-35547","post","type-post","status-publish","format-standard","has-post-thumbnail","hentry"],"acf":[],"_links":{"self":[{"href":"https:\/\/mancomun.gal\/es\/wp-json\/wp\/v2\/posts\/35547","targetHints":{"allow":["GET"]}}],"collection":[{"href":"https:\/\/mancomun.gal\/es\/wp-json\/wp\/v2\/posts"}],"about":[{"href":"https:\/\/mancomun.gal\/es\/wp-json\/wp\/v2\/types\/post"}],"author":[{"embeddable":true,"href":"https:\/\/mancomun.gal\/es\/wp-json\/wp\/v2\/users\/5"}],"replies":[{"embeddable":true,"href":"https:\/\/mancomun.gal\/es\/wp-json\/wp\/v2\/comments?post=35547"}],"version-history":[{"count":1,"href":"https:\/\/mancomun.gal\/es\/wp-json\/wp\/v2\/posts\/35547\/revisions"}],"predecessor-version":[{"id":35548,"href":"https:\/\/mancomun.gal\/es\/wp-json\/wp\/v2\/posts\/35547\/revisions\/35548"}],"wp:featuredmedia":[{"embeddable":true,"href":"https:\/\/mancomun.gal\/es\/wp-json\/wp\/v2\/media\/1365"}],"wp:attachment":[{"href":"https:\/\/mancomun.gal\/es\/wp-json\/wp\/v2\/media?parent=35547"}],"wp:term":[{"taxonomy":"category","embeddable":true,"href":"https:\/\/mancomun.gal\/es\/wp-json\/wp\/v2\/categories?post=35547"},{"taxonomy":"post_tag","embeddable":true,"href":"https:\/\/mancomun.gal\/es\/wp-json\/wp\/v2\/tags?post=35547"}],"curies":[{"name":"wp","href":"https:\/\/api.w.org\/{rel}","templated":true}]}}