{"id":35553,"date":"2007-02-23T09:25:28","date_gmt":"2007-02-23T08:25:28","guid":{"rendered":"https:\/\/mancomun.gal\/dereitos-de-propiedade-intelectual-e-internet\/"},"modified":"2007-02-23T09:25:28","modified_gmt":"2007-02-23T08:25:28","slug":"dereitos-de-propiedade-intelectual-e-internet","status":"publish","type":"post","link":"https:\/\/mancomun.gal\/es\/dereitos-de-propiedade-intelectual-e-internet\/","title":{"rendered":"Dereitos de propiedade intelectual e Internet"},"content":{"rendered":"<div align=\"justify\">O <a title=\"IN3\" target=\"_blank\" href=\"http:\/\/www.uoc.edu\/in3\/esp\/index.html\" rel=\"noopener\">Internet Interdisciplinary Institute<\/a>, a trav\u00e9s dos seus investigadores Meritxell Roca i Sales e o Dr. Manuel Castells, acaba de publicar un completo informe titulado \u00abDerechos de propiedad intelectual e Internet. Materiales para un debate informado\u00bb. O traballo licenciado cunha Creative Commons pode <a target=\"_blank\" href=\"http:\/\/www.uoc.edu\/in3\/llibertat\/\" rel=\"noopener\">descargarse<\/a>  da web do IN3.<\/div>\n<p><\/p>\n<div align=\"justify\">\u00a0<\/div>\n<div align=\"justify\">A dixitalizaci\u00f3n de contidos e a s\u00faa posterior comunicaci\u00f3n mediante Internet transformou irreversiblemente os par\u00e1metros que ata hai uns anos rex\u00edan o exercicio dos dereitos de propiedade intelectual. Estes dereitos son a base das industrias culturais e do co\u00f1ecemento, \u00e9 dicir, dunha proporci\u00f3n substancial da produci\u00f3n nas econom\u00edas avanzadas; as\u00ed, o debate ao redor das formas de xesti\u00f3n dos dereitos de autor sit\u00faase no centro da atenci\u00f3n econ\u00f3mica, medi\u00e1tica e pol\u00edtica en todas as sociedades.<\/div>\n","protected":false},"excerpt":{"rendered":"<div align=\"justify\">O <a title=\"IN3\" target=\"_blank\" href=\"http:\/\/www.uoc.edu\/in3\/esp\/index.html\" rel=\"noopener\">Internet Interdisciplinary Institute<\/a>, a trav\u00e9s dos seus investigadores Meritxell Roca i Sales e o Dr. Manuel Castells, acaba de publicar un completo informe titulado \u00abDerechos de propiedad intelectual e Internet. Materiales para un debate informado\u00bb. O traballo licenciado cunha Creative Commons pode <a target=\"_blank\" href=\"http:\/\/www.uoc.edu\/in3\/llibertat\/\" rel=\"noopener\">descargarse<\/a>  da web do IN3.<\/div>\n","protected":false},"author":5,"featured_media":0,"comment_status":"open","ping_status":"open","sticky":false,"template":"","format":"standard","meta":{"footnotes":""},"categories":[],"tags":[],"class_list":["post-35553","post","type-post","status-publish","format-standard","hentry"],"acf":[],"_links":{"self":[{"href":"https:\/\/mancomun.gal\/es\/wp-json\/wp\/v2\/posts\/35553","targetHints":{"allow":["GET"]}}],"collection":[{"href":"https:\/\/mancomun.gal\/es\/wp-json\/wp\/v2\/posts"}],"about":[{"href":"https:\/\/mancomun.gal\/es\/wp-json\/wp\/v2\/types\/post"}],"author":[{"embeddable":true,"href":"https:\/\/mancomun.gal\/es\/wp-json\/wp\/v2\/users\/5"}],"replies":[{"embeddable":true,"href":"https:\/\/mancomun.gal\/es\/wp-json\/wp\/v2\/comments?post=35553"}],"version-history":[{"count":0,"href":"https:\/\/mancomun.gal\/es\/wp-json\/wp\/v2\/posts\/35553\/revisions"}],"wp:attachment":[{"href":"https:\/\/mancomun.gal\/es\/wp-json\/wp\/v2\/media?parent=35553"}],"wp:term":[{"taxonomy":"category","embeddable":true,"href":"https:\/\/mancomun.gal\/es\/wp-json\/wp\/v2\/categories?post=35553"},{"taxonomy":"post_tag","embeddable":true,"href":"https:\/\/mancomun.gal\/es\/wp-json\/wp\/v2\/tags?post=35553"}],"curies":[{"name":"wp","href":"https:\/\/api.w.org\/{rel}","templated":true}]}}