{"id":35567,"date":"2007-02-28T09:14:31","date_gmt":"2007-02-28T08:14:31","guid":{"rendered":"https:\/\/mancomun.gal\/a-party-cambred-2007-acollera-unha-charla-sobre-software-libre\/"},"modified":"2007-02-28T09:14:31","modified_gmt":"2007-02-28T08:14:31","slug":"a-party-cambred-2007-acollera-unha-charla-sobre-software-libre","status":"publish","type":"post","link":"https:\/\/mancomun.gal\/es\/a-party-cambred-2007-acollera-unha-charla-sobre-software-libre\/","title":{"rendered":"A party cambRED 2007 acoller\u00e1 unha charla sobre Software Libre"},"content":{"rendered":"<div align=\"justify\">O domingo 4 de marzo o pabill\u00f3n polideportivo do concello coru\u00f1\u00e9s de Cambre acoller\u00e1 unha charla sobre Software Libre. O relatorio correr\u00e1 a cargo de David Carracedo de Academia Postal. Este acto enm\u00e1rcase dentro da party <a target=\"_blank\" title=\"CambRED 2007\" href=\"http:\/\/cambred.com\/index.php\" rel=\"noopener\">CambRED 2007<\/a>. Participan na elaboraci\u00f3n deste evento as asociaci\u00f3ns locais vencelladas ao mundo da inform\u00e1tica a <a target=\"_blank\" title=\"Asociaci\u00f3n Xuvenil os Internautas\" href=\"http:\/\/www.axoi.net\/\" rel=\"noopener\">Asociaci\u00f3n Xuvenil os Internautas<\/a>  e o <a target=\"_blank\" title=\"Grupo Xuvenil de Inform\u00e1tica de Cambre\" href=\"http:\/\/www.gxic.org\/\" rel=\"noopener\">Grupo Xuvenil de Inform\u00e1tica de Cambre<\/a>. <\/div>\n<div align=\"justify\">\u00a0<\/div>\n<p>\nPodedes consultar o programa na web da <a target=\"_blank\" title=\"Party cambRED\" href=\"http:\/\/cambred.com\/img\/programa.jpg\" rel=\"noopener\">party<\/a>. <\/p>\n","protected":false},"excerpt":{"rendered":"<div align=\"justify\">O domingo 4 de marzo o pabill\u00f3n polideportivo do concello coru\u00f1\u00e9s de Cambre acoller\u00e1 unha charla sobre Software Libre. O relatorio correr\u00e1 a cargo de David Carracedo de Academia Postal. Este acto enm\u00e1rcase dentro da party <a target=\"_blank\" title=\"CambRED 2007\" href=\"http:\/\/cambred.com\/index.php\" rel=\"noopener\">CambRED 2007<\/a>. Participan na elaboraci\u00f3n deste evento as asociaci\u00f3ns locais vencelladas ao mundo da inform\u00e1tica a <a target=\"_blank\" title=\"Asociaci\u00f3n Xuvenil os Internautas\" href=\"http:\/\/www.axoi.net\/\" rel=\"noopener\">Asociaci\u00f3n Xuvenil os Internautas<\/a>  e o <a target=\"_blank\" title=\"Grupo Xuvenil de Inform\u00e1tica de Cambre\" href=\"http:\/\/www.gxic.org\/\" rel=\"noopener\">Grupo Xuvenil de Inform\u00e1tica de Cambre<\/a>. <\/div>\n<div align=\"justify\">\u00a0<\/div>\n","protected":false},"author":5,"featured_media":0,"comment_status":"open","ping_status":"open","sticky":false,"template":"","format":"standard","meta":{"footnotes":""},"categories":[],"tags":[],"class_list":["post-35567","post","type-post","status-publish","format-standard","hentry"],"acf":[],"_links":{"self":[{"href":"https:\/\/mancomun.gal\/es\/wp-json\/wp\/v2\/posts\/35567","targetHints":{"allow":["GET"]}}],"collection":[{"href":"https:\/\/mancomun.gal\/es\/wp-json\/wp\/v2\/posts"}],"about":[{"href":"https:\/\/mancomun.gal\/es\/wp-json\/wp\/v2\/types\/post"}],"author":[{"embeddable":true,"href":"https:\/\/mancomun.gal\/es\/wp-json\/wp\/v2\/users\/5"}],"replies":[{"embeddable":true,"href":"https:\/\/mancomun.gal\/es\/wp-json\/wp\/v2\/comments?post=35567"}],"version-history":[{"count":0,"href":"https:\/\/mancomun.gal\/es\/wp-json\/wp\/v2\/posts\/35567\/revisions"}],"wp:attachment":[{"href":"https:\/\/mancomun.gal\/es\/wp-json\/wp\/v2\/media?parent=35567"}],"wp:term":[{"taxonomy":"category","embeddable":true,"href":"https:\/\/mancomun.gal\/es\/wp-json\/wp\/v2\/categories?post=35567"},{"taxonomy":"post_tag","embeddable":true,"href":"https:\/\/mancomun.gal\/es\/wp-json\/wp\/v2\/tags?post=35567"}],"curies":[{"name":"wp","href":"https:\/\/api.w.org\/{rel}","templated":true}]}}