{"id":35568,"date":"2007-02-28T09:26:50","date_gmt":"2007-02-28T08:26:50","guid":{"rendered":"https:\/\/mancomun.gal\/surafrica-migra-ao-software-libre\/"},"modified":"2007-02-28T09:26:50","modified_gmt":"2007-02-28T08:26:50","slug":"surafrica-migra-ao-software-libre","status":"publish","type":"post","link":"https:\/\/mancomun.gal\/es\/surafrica-migra-ao-software-libre\/","title":{"rendered":"Sur\u00e1frica migra ao Software Libre"},"content":{"rendered":"<p align=\"justify\">Segundo informa a p\u00e1xina web de <a target=\"_blank\" title=\"http:\/\/glug.es\/node\/2212\" href=\"http:\/\/glug.es\/node\/2212\" rel=\"noopener\">GLUG<\/a> (Grupo de Usuarios de GNU\/Linux de Galiza),\u00a0 Sur\u00e1frica migrar\u00e1 ao Software Libre, tal e como anunciou Themba Masekodo do departamento de comunicaci\u00f3n de Sur\u00e1frica: \u00abTodo o software novo desenvolvido para os organismos de goberno estar\u00e1 baseado en est\u00e1ndares abertos, e o propio goberno migrar\u00e1 a soluci\u00f3ns <a target=\"_blank\" title=\"http:\/\/es.wikipedia.org\/wiki\/FOSS\" href=\"http:\/\/es.wikipedia.org\/wiki\/FOSS\" rel=\"noopener\">FOSS<\/a>\u00ab.<\/p>\n<p align=\"justify\">Isto permitir\u00e1 aforrar custos e mellorar a capacidade t\u00e9cnica dos responsables desta migraci\u00f3n. Segundo declaraci\u00f3ns, as compa\u00f1\u00edas m\u00e1is grandes de tecnolox\u00eda deste pa\u00eds apoiaron este proxecto&#8230;<\/p>\n<p><\/p>\n<p>Fonte:<\/p>\n<p><a target=\"_blank\" title=\"http:\/\/www.glug.es \" href=\"http:\/\/www.glug.es\" rel=\"noopener\">http:\/\/www.glug.es\u00a0<\/a> <\/p>\n","protected":false},"excerpt":{"rendered":"<p align=\"justify\">Segundo informa a p\u00e1xina web de <a target=\"_blank\" title=\"http:\/\/glug.es\/node\/2212\" href=\"http:\/\/glug.es\/node\/2212\" rel=\"noopener\">GLUG<\/a> (Grupo de Usuarios de GNU\/Linux de Galiza),\u00a0 Sur\u00e1frica migrar\u00e1 ao Software Libre, tal e como anunciou Themba Masekodo do departamento de comunicaci\u00f3n de Sur\u00e1frica: \u00abTodo o software novo desenvolvido para os organismos de goberno estar\u00e1 baseado en est\u00e1ndares abertos, e o propio goberno migrar\u00e1 a soluci\u00f3ns <a target=\"_blank\" title=\"http:\/\/es.wikipedia.org\/wiki\/FOSS\" href=\"http:\/\/es.wikipedia.org\/wiki\/FOSS\" rel=\"noopener\">FOSS<\/a>\u00ab.<\/p>\n<p align=\"justify\">Isto permitir\u00e1 aforrar custos e mellorar a capacidade t\u00e9cnica dos responsables desta migraci\u00f3n. Segundo declaraci\u00f3ns, as compa\u00f1\u00edas m\u00e1is grandes de tecnolox\u00eda deste pa\u00eds apoiaron este proxecto&#8230;<\/p>\n","protected":false},"author":5,"featured_media":0,"comment_status":"open","ping_status":"open","sticky":false,"template":"","format":"standard","meta":{"footnotes":""},"categories":[],"tags":[],"class_list":["post-35568","post","type-post","status-publish","format-standard","hentry"],"acf":[],"_links":{"self":[{"href":"https:\/\/mancomun.gal\/es\/wp-json\/wp\/v2\/posts\/35568","targetHints":{"allow":["GET"]}}],"collection":[{"href":"https:\/\/mancomun.gal\/es\/wp-json\/wp\/v2\/posts"}],"about":[{"href":"https:\/\/mancomun.gal\/es\/wp-json\/wp\/v2\/types\/post"}],"author":[{"embeddable":true,"href":"https:\/\/mancomun.gal\/es\/wp-json\/wp\/v2\/users\/5"}],"replies":[{"embeddable":true,"href":"https:\/\/mancomun.gal\/es\/wp-json\/wp\/v2\/comments?post=35568"}],"version-history":[{"count":0,"href":"https:\/\/mancomun.gal\/es\/wp-json\/wp\/v2\/posts\/35568\/revisions"}],"wp:attachment":[{"href":"https:\/\/mancomun.gal\/es\/wp-json\/wp\/v2\/media?parent=35568"}],"wp:term":[{"taxonomy":"category","embeddable":true,"href":"https:\/\/mancomun.gal\/es\/wp-json\/wp\/v2\/categories?post=35568"},{"taxonomy":"post_tag","embeddable":true,"href":"https:\/\/mancomun.gal\/es\/wp-json\/wp\/v2\/tags?post=35568"}],"curies":[{"name":"wp","href":"https:\/\/api.w.org\/{rel}","templated":true}]}}