{"id":35569,"date":"2007-02-28T09:40:30","date_gmt":"2007-02-28T08:40:30","guid":{"rendered":"https:\/\/mancomun.gal\/ii-xornadas-de-informatica-grafica-e-software-libre-de-gpul\/"},"modified":"2007-02-28T09:40:30","modified_gmt":"2007-02-28T08:40:30","slug":"ii-xornadas-de-informatica-grafica-e-software-libre-de-gpul","status":"publish","type":"post","link":"https:\/\/mancomun.gal\/es\/ii-xornadas-de-informatica-grafica-e-software-libre-de-gpul\/","title":{"rendered":"II Xornadas de Inform\u00e1tica Gr\u00e1fica e Software Libre de GPUL"},"content":{"rendered":"<div align=\"justify\"><a title=\"http:\/\/www.gpul.org\/infograf07\" target=\"_blank\" href=\"http:\/\/www.gpul.org\/infograf07\" rel=\"noopener\">GPUL<\/a>  organiza as <a title=\"http:\/\/www.gpul.org\/infograf07\" target=\"_blank\" href=\"http:\/\/www.gpul.org\/infograf07\" rel=\"noopener\">II Xornadas de Inform\u00e1tica Gr\u00e1fica e Software Libre<\/a>  nas que se analizar\u00e1 a situaci\u00f3n actual do dese\u00f1o gr\u00e1fico e o desenvolvemento 3D no Software Libre. Entre outros convidados contar\u00e1 coa presenza de Jacques Isaac, Director T\u00e9cnico de <a title=\"http:\/\/www.bren.es \" target=\"_blank\" href=\"http:\/\/www.bren.es\/\" rel=\"noopener\">Bren Entertainment<\/a>, que analizar\u00e1 o emprego de tecnolox\u00edas libres no desenvolvemento dunha animaci\u00f3n ga\u00f1adora dun Premio Goya,<em> \u00ab<a title=\"http:\/\/movies.filmax.com\/perez\/ \" target=\"_blank\" href=\"http:\/\/movies.filmax.com\/perez\/\" rel=\"noopener\">P\u00e9rez, el ratoncito de tus sue\u00f1os<\/a><\/em>\u00ab.<\/div>\n<p>\n   \t \t \t \t \t \t \t \t \t<!-- \t\t@page { size: 21cm 29.7cm; margin: 2cm } \t\tP { margin-bottom: 0.21cm } \t--> \t   <\/p>\n<div align=\"justify\"> <\/div>\n<p align=\"justify\" style=\"margin-bottom: 0cm\">\n<div align=\"justify\"> <\/div>\n<div align=\"justify\"> <\/div>\n<div align=\"justify\"> <\/div>\n<p align=\"justify\" style=\"margin-bottom: 0.5cm\">Juan Javier Mart\u00ednez, do <a target=\"_blank\" title=\"http:\/\/www.acuatica.org\" href=\"http:\/\/www.acuatica.org\" rel=\"noopener\">proxecto Acu\u00e1tica<\/a>, dar\u00e1 unha perspectiva hist\u00f3rica das aplicaci\u00f3ns de usuario libres. Alberto Jaspe (socio de GPUL) falar\u00e1 do uso do Software Libre na investigaci\u00f3n e explotaci\u00f3n de <a target=\"_blank\" title=\"http:\/\/videalab.udc.es\/\" href=\"http:\/\/videalab.udc.es\" rel=\"noopener\">aplicaci\u00f3ns gr\u00e1ficas interactivas<\/a> e Antonio Seoane, centrarase nos terreos da realidade virtual e visualizaci\u00f3n tridimensional en tempo real.<\/p>\n<p>As xornadas ter\u00e1n lugar na Aula de Grados da <a target=\"_blank\" title=\"http:\/\/www.fic.udc.es \" href=\"http:\/\/www.fic.udc.es\" rel=\"noopener\">Facultade de Inform\u00e1tica de A Coru\u00f1a<\/a>  o pr\u00f3ximo martes d\u00eda 6 de marzo de 2007. Para rexistrarse \u00e9 preciso cumprimentar o  <a target=\"_blank\" title=\"http:\/\/gpul.grupos.udc.es\/MaKaC\/conferenceDisplay.py?confId=6\" href=\"http:\/\/gpul.grupos.udc.es\/MaKaC\/conferenceDisplay.py?confId=6\" rel=\"noopener\">formulario de preinscrici\u00f3n<\/a>\u00a0que xa est\u00e1 dispo\u00f1ible. A preinscrici\u00f3n non \u00e9 obrigatoria (salvo para aqueles que desexen un certificado de asistencia) pero axudar\u00e1 a estimar a asistencia.<\/p>\n<div align=\"justify\">  <\/div>\n<p align=\"justify\" style=\"margin-bottom: 0.5cm\">M\u00e1is informaci\u00f3n: <a target=\"_blank\" title=\"http:\/\/www.gpul.org\/infograf07\/\" href=\"http:\/\/www.gpul.org\/infograf07\" rel=\"noopener\">GPUL<\/a> <\/p>\n","protected":false},"excerpt":{"rendered":"<div align=\"justify\"><a title=\"http:\/\/www.gpul.org\/infograf07\" target=\"_blank\" href=\"http:\/\/www.gpul.org\/infograf07\" rel=\"noopener\">GPUL<\/a>  organiza as <a title=\"http:\/\/www.gpul.org\/infograf07\" target=\"_blank\" href=\"http:\/\/www.gpul.org\/infograf07\" rel=\"noopener\">II Xornadas de Inform\u00e1tica Gr\u00e1fica e Software Libre<\/a>  nas que se analizar\u00e1 a situaci\u00f3n actual do dese\u00f1o gr\u00e1fico e o desenvolvemento 3D no Software Libre. Entre outros convidados contar\u00e1 coa presenza de Jacques Isaac, Director T\u00e9cnico de <a title=\"http:\/\/www.bren.es \" target=\"_blank\" href=\"http:\/\/www.bren.es\/\" rel=\"noopener\">Bren Entertainment<\/a>, que analizar\u00e1 o emprego de tecnolox\u00edas libres no desenvolvemento dunha animaci\u00f3n ga\u00f1adora dun Premio Goya,<em> \u00ab<a title=\"http:\/\/movies.filmax.com\/perez\/ \" target=\"_blank\" href=\"http:\/\/movies.filmax.com\/perez\/\" rel=\"noopener\">P\u00e9rez, el ratoncito de tus sue\u00f1os<\/a><\/em>\u00ab.<\/div>\n","protected":false},"author":5,"featured_media":0,"comment_status":"open","ping_status":"open","sticky":false,"template":"","format":"standard","meta":{"footnotes":""},"categories":[],"tags":[],"class_list":["post-35569","post","type-post","status-publish","format-standard","hentry"],"acf":[],"_links":{"self":[{"href":"https:\/\/mancomun.gal\/es\/wp-json\/wp\/v2\/posts\/35569","targetHints":{"allow":["GET"]}}],"collection":[{"href":"https:\/\/mancomun.gal\/es\/wp-json\/wp\/v2\/posts"}],"about":[{"href":"https:\/\/mancomun.gal\/es\/wp-json\/wp\/v2\/types\/post"}],"author":[{"embeddable":true,"href":"https:\/\/mancomun.gal\/es\/wp-json\/wp\/v2\/users\/5"}],"replies":[{"embeddable":true,"href":"https:\/\/mancomun.gal\/es\/wp-json\/wp\/v2\/comments?post=35569"}],"version-history":[{"count":0,"href":"https:\/\/mancomun.gal\/es\/wp-json\/wp\/v2\/posts\/35569\/revisions"}],"wp:attachment":[{"href":"https:\/\/mancomun.gal\/es\/wp-json\/wp\/v2\/media?parent=35569"}],"wp:term":[{"taxonomy":"category","embeddable":true,"href":"https:\/\/mancomun.gal\/es\/wp-json\/wp\/v2\/categories?post=35569"},{"taxonomy":"post_tag","embeddable":true,"href":"https:\/\/mancomun.gal\/es\/wp-json\/wp\/v2\/tags?post=35569"}],"curies":[{"name":"wp","href":"https:\/\/api.w.org\/{rel}","templated":true}]}}