{"id":35574,"date":"2007-02-28T15:34:08","date_gmt":"2007-02-28T14:34:08","guid":{"rendered":"https:\/\/mancomun.gal\/innovacion-e-igualdade-presentan-o-software-para-a-xestion-de-bancos-do-tempo-no-rural\/"},"modified":"2023-05-09T17:13:24","modified_gmt":"2023-05-09T15:13:24","slug":"innovacion-e-igualdade-presentan-o-software-para-a-xestion-de-bancos-do-tempo-no-rural","status":"publish","type":"post","link":"https:\/\/mancomun.gal\/es\/innovacion-e-igualdade-presentan-o-software-para-a-xestion-de-bancos-do-tempo-no-rural\/","title":{"rendered":"Innovaci\u00f3n e Igualdade presentan o software para a xesti\u00f3n de bancos do tempo no rural"},"content":{"rendered":"<p align=\"justify\">A <a title=\"Secretar\u00eda Xeral de Igualdade\" target=\"_blank\" href=\"http:\/\/vicepresidencia.xunta.es\/index.php?id=7\" rel=\"noopener\">secretaria xeral da Igualdade<\/a>, Carme Ad\u00e1n, a directora xeral do <a title=\"Servizo Galego de Igualdade\" target=\"_blank\" href=\"http:\/\/www.xunta.es\/auto\/sgi\/\" rel=\"noopener\">Servizo Galego de Igualdade (SGI)<\/a>, Ana Lu\u00edsa Bouza, e a directora xeral de <a title=\"Promoci\u00f3n Industrial e Sociedade da Informaci\u00f3n\" target=\"_blank\" href=\"http:\/\/www.conselleriaiei.org\/ga\/dxpisi\/index.php\" rel=\"noopener\">Promoci\u00f3n Industrial e da Sociedade da Informaci\u00f3n<\/a>, Elena Veiguela, <a title=\"Presentaci\u00f3n Cyclos\" target=\"_blank\" href=\"http:\/\/vicepresidencia.xunta.es\/index.php?id=25&#038;lista=0&#038;canal=3&#038;noticia=1060\" rel=\"noopener\">presentaron<\/a>  hoxe en Santiago a ferramenta inform\u00e1tica de xesti\u00f3n dos bancos de tempo no rural galego. A trav\u00e9s de d\u00faas experiencias piloto en Allariz e Foz reforzarase a conciliaci\u00f3n da vida persoal e laboral no rural coa axuda das TIC.<\/p>\n<div align=\"justify\">Cyclos \u00e9 a ferramenta inform\u00e1tica encargada da xesti\u00f3n destes bancos de tempo. Tr\u00e1tase dunha aplicaci\u00f3n libre  adaptable \u00e1s necesidades e peculiaridades de cada\u00a0 entidade xestora. O software foi localizado pola Conseller\u00eda de Innovaci\u00f3n e empregarase nos bancos de tempo de Allariz e Foz. O programa est\u00e1 <a title=\"Descarga de Cyclos\" target=\"_blank\" href=\"http:\/\/wiki.mancomun.org\/index.php\/Cyclos#Secci.C3.B3n_de_descargas\" rel=\"noopener\">dispo\u00f1ible<\/a>  para toda aquela instituci\u00f3n ou asociaci\u00f3n que o desexe desde o portal de Mancomun.org.<\/div>\n<div align=\"justify\">\u00a0<\/div>\n<div align=\"justify\">\n<div style=\"text-align: center\"><img loading=\"lazy\" decoding=\"async\" width=\"274\" vspace=\"2\" hspace=\"2\" height=\"146\" border=\"0\" alt=\"Presentaci\u00f3n do Cyclos\" title=\"Presentaci\u00f3n do Cyclos\" src=\"https:\/\/mancomun.gal\/wp-content\/uploads\/2022\/09\/cyclos-presentacio.jpg\" \/><\/div>\n<p><\/div>\n<p><\/p>\n<p align=\"justify\">Elena Veiguela expuxo as principais caracter\u00edsticas de Cyclos entre as que destacou a s\u00faa adaptabilidade. Segundo Veiguela, a localizaci\u00f3n de Cyclos responde ao estilo de traballo da Conseller\u00eda de Innovaci\u00f3n que busca a conxunci\u00f3n de esforzos e iniciativas entre asociaci\u00f3ns cidad\u00e1s e instituci\u00f3ns para o desenvolvemento de proxectos de dinamizaci\u00f3n da sociedade da informaci\u00f3n.<\/p>\n<p align=\"justify\"><strong>O Software Libre ferramenta para superar a fenda dixital<\/strong> <\/p>\n<p align=\"justify\">A directora xeral de Promoci\u00f3n Industrial e de Sociedade da Informaci\u00f3n declarou que conf\u00eda en ter nos pr\u00f3ximos meses localizado ao galego unha masa cr\u00edtica de aplicaci\u00f3ns suficiente para cubrir as demandas da sociedade. Esta actuaci\u00f3n, as\u00ed coma a promoci\u00f3n do Software Libre entre a cidadan\u00eda ve\u00f1en contempladas no Plan Estrat\u00e9xico Galego da Sociedade da Informaci\u00f3n (<a title=\"PEGSI\" target=\"_blank\" href=\"http:\/\/www.sociedadedainformacion.eu\/dxpi\/interior.php?txt=dxpi_competencias&#038;lg=gal\" rel=\"noopener\">PEGSI<\/a>).\u00a0\u00a0 <\/p>\n<p align=\"justify\">Ana Lu\u00edsa Bouza salientou o papel do Software Libre coma ferramenta para superar a fenda dixital entre as mulleres e, especialmente, no eido rural. O Servizo Galego de Igualdade vai comezar no mes de abril, nos concellos de Foz e de Allariz, as xornadas formativas para os t\u00e9cnicos que van xestionar os bancos de tempo nestes dous municipios. Os t\u00e9cnicos recibir\u00e1n a formaci\u00f3n t\u00e9cnica para o manexo do Cyclos que facilitar\u00e1 a xesti\u00f3n destas entidades. <\/p>\n<p align=\"justify\">A trav\u00e9s desta iniciativa as persoas do eido rural poder\u00e1n intercambiar tempo das s\u00faas tarefas entre elas para facilitar a conciliaci\u00f3n da vida laboral e familiar. O proxecto ter\u00e1 lugar durante o presente ano e cont\u00e9mplase a s\u00faa ampliaci\u00f3n a outros concellos a partir do 2008. <\/p>\n<p align=\"justify\"><strong>Bancos de tempo<\/strong> <\/p>\n<p align=\"justify\">Un banco de tempo \u00e9 un sistema de intercambio de servizos no que a unidade de intercambio non \u00e9 o di\u00f1eiro, sen\u00f3n unha medida temporal, por exemplo, unha hora. \u00c9, polo tanto, un sistema de troco de servizos por tempo, que se pode usar posteriormente para adquirir un produto ou servizo ofrecido por outro usuario. <\/p>\n<p align=\"justify\">Este sistema de econom\u00eda social \u00e9 iniciado e mantido por un colectivo, que \u00e9 quen funciona coma se fose o banqueiro. \u00c9 dicir, abre as contas, verificando a identidade da persoa para garantir a claridade e seguridade do sistema, xa que \u00e9 un sistema de confianza mutua; verifica que todo o sistema estea en marcha e serve de mediador en conflitos entre usuarios. <\/p>\n<p align=\"justify\">Os usuarios, logo de darse de alta, reciben un pequeno pr\u00e9stamo para poder iniciar a s\u00faa conta. O usuario pode ofrecer produtos e servizos a cambio de horas ou a moeda non oficial que se conveu. Unha vez fornecido o servizo real\u00edzase o pago a trav\u00e9s do sistema. O usuario que ofreceu o servizo pode usar o tempo recibido para comprar outro produto ou servizo ofrecido por calquera outro usuario no sistema. <\/p>\n<p align=\"justify\"><strong>Cyclos\u00a0<\/strong> <\/p>\n<p align=\"justify\">Cyclos \u00e9 unha ferramenta inform\u00e1tica dende a que se poden xestionar todos estes procesos, \u00e9 dicir, buscar usuarios, produtos e servizos, as\u00ed como facer e recibir pagos. Toda a informaci\u00f3n dun usuario vai nunha p\u00e1xina de datos persoais, que se pode modificar para facilitar que estes se atopen no banco de tempo. Permite, asemade, p\u00f3r anuncios pedindo produtos ou servizos que se ofrezan ou demanden. <\/p>\n<p align=\"justify\">Cyclos posibilita facer pagos e estes rec\u00edbense directamente na conta da persoa receptora (vendedor). Para transacci\u00f3ns m\u00e1is formais p\u00f3dese enviar, incluso, unha factura e en canto esta se acepte, prod\u00facese o pago. Todos os pagos p\u00f3dense ver nun historial de pagos. A ferramenta permite ademais que os usuarios podan p\u00f3r referencias doutros usuarios no banco de tempo. Os administradores poden enviar noticias a todos os usuarios, as\u00ed como mensaxes persoais cando sexan necesarios. <\/p>\n","protected":false},"excerpt":{"rendered":"<p align=\"justify\">A <a title=\"Secretar\u00eda Xeral de Igualdade\" target=\"_blank\" href=\"http:\/\/vicepresidencia.xunta.es\/index.php?id=7\" rel=\"noopener\">secretaria xeral da Igualdade<\/a>, Carme Ad\u00e1n, a directora xeral do <a title=\"Servizo Galego de Igualdade\" target=\"_blank\" href=\"http:\/\/www.xunta.es\/auto\/sgi\/\" rel=\"noopener\">Servizo Galego de Igualdade (SGI)<\/a>, Ana Lu\u00edsa Bouza, e a directora xeral de <a title=\"Promoci\u00f3n Industrial e Sociedade da Informaci\u00f3n\" target=\"_blank\" href=\"http:\/\/www.conselleriaiei.org\/ga\/dxpisi\/index.php\" rel=\"noopener\">Promoci\u00f3n Industrial e da Sociedade da Informaci\u00f3n<\/a>, Elena Veiguela, <a title=\"Presentaci\u00f3n Cyclos\" target=\"_blank\" href=\"http:\/\/vicepresidencia.xunta.es\/index.php?id=25&#038;lista=0&#038;canal=3&#038;noticia=1060\" rel=\"noopener\">presentaron<\/a>  hoxe en Santiago a ferramenta inform\u00e1tica de xesti\u00f3n dos bancos de tempo no rural galego. A trav\u00e9s de d\u00faas experiencias piloto en Allariz e Foz reforzarase a conciliaci\u00f3n da vida persoal e laboral no rural coa axuda das TIC.<\/p>\n<div align=\"justify\">Cyclos \u00e9 a ferramenta inform\u00e1tica encargada da xesti\u00f3n destes bancos de tempo. Tr\u00e1tase dunha aplicaci\u00f3n libre  adaptable \u00e1s necesidades e peculiaridades de cada\u00a0 entidade xestora. O software foi localizado pola Conseller\u00eda de Innovaci\u00f3n e empregarase nos bancos de tempo de Allariz e Foz. O programa est\u00e1 <a title=\"Descarga de Cyclos\" target=\"_blank\" href=\"http:\/\/wiki.mancomun.org\/index.php\/Cyclos#Secci.C3.B3n_de_descargas\" rel=\"noopener\">dispo\u00f1ible<\/a>  para toda aquela instituci\u00f3n ou asociaci\u00f3n que o desexe desde o portal de Mancomun.org.<\/div>\n<div align=\"justify\">\u00a0<\/div>\n<div align=\"justify\">\n<div style=\"text-align: center\"><img loading=\"lazy\" decoding=\"async\" width=\"274\" vspace=\"2\" hspace=\"2\" height=\"146\" border=\"0\" alt=\"Presentaci\u00f3n do Cyclos\" title=\"Presentaci\u00f3n do Cyclos\" src=\"https:\/\/www.mancomun.gal\/wp-content\/uploads\/uploads\/pics\/stories\/cyclos-presentacio.jpg\" \/><\/div>\n<p><\/div>\n","protected":false},"author":5,"featured_media":1400,"comment_status":"open","ping_status":"open","sticky":false,"template":"","format":"standard","meta":{"footnotes":""},"categories":[],"tags":[],"class_list":["post-35574","post","type-post","status-publish","format-standard","has-post-thumbnail","hentry"],"acf":[],"_links":{"self":[{"href":"https:\/\/mancomun.gal\/es\/wp-json\/wp\/v2\/posts\/35574","targetHints":{"allow":["GET"]}}],"collection":[{"href":"https:\/\/mancomun.gal\/es\/wp-json\/wp\/v2\/posts"}],"about":[{"href":"https:\/\/mancomun.gal\/es\/wp-json\/wp\/v2\/types\/post"}],"author":[{"embeddable":true,"href":"https:\/\/mancomun.gal\/es\/wp-json\/wp\/v2\/users\/5"}],"replies":[{"embeddable":true,"href":"https:\/\/mancomun.gal\/es\/wp-json\/wp\/v2\/comments?post=35574"}],"version-history":[{"count":1,"href":"https:\/\/mancomun.gal\/es\/wp-json\/wp\/v2\/posts\/35574\/revisions"}],"predecessor-version":[{"id":35575,"href":"https:\/\/mancomun.gal\/es\/wp-json\/wp\/v2\/posts\/35574\/revisions\/35575"}],"wp:featuredmedia":[{"embeddable":true,"href":"https:\/\/mancomun.gal\/es\/wp-json\/wp\/v2\/media\/1400"}],"wp:attachment":[{"href":"https:\/\/mancomun.gal\/es\/wp-json\/wp\/v2\/media?parent=35574"}],"wp:term":[{"taxonomy":"category","embeddable":true,"href":"https:\/\/mancomun.gal\/es\/wp-json\/wp\/v2\/categories?post=35574"},{"taxonomy":"post_tag","embeddable":true,"href":"https:\/\/mancomun.gal\/es\/wp-json\/wp\/v2\/tags?post=35574"}],"curies":[{"name":"wp","href":"https:\/\/api.w.org\/{rel}","templated":true}]}}