{"id":35576,"date":"2007-03-01T08:24:35","date_gmt":"2007-03-01T07:24:35","guid":{"rendered":"https:\/\/mancomun.gal\/nace-ousli\/"},"modified":"2023-05-09T17:13:25","modified_gmt":"2023-05-09T15:13:25","slug":"nace-ousli","status":"publish","type":"post","link":"https:\/\/mancomun.gal\/es\/nace-ousli\/","title":{"rendered":"Nace OUSLI"},"content":{"rendered":"<p align=\"justify\"><a title=\"http:\/\/www.ousli.org\" target=\"_blank\" href=\"http:\/\/www.ousli.org\" rel=\"noopener\"><img loading=\"lazy\" decoding=\"async\" width=\"138\" vspace=\"0\" hspace=\"10\" height=\"111\" border=\"0\" align=\"left\" title=\"http:\/\/www.mancomun.org\/images\/stories\/ousli.jpg\" alt=\"http:\/\/www.mancomun.org\/images\/stories\/ousli.jpg\" src=\"https:\/\/mancomun.gal\/wp-content\/uploads\/2022\/09\/ousli.jpg\" \/><\/a> Despois de varios meses de traballo por fin chega o d\u00eda no que se inaugura <a target=\"_blank\" title=\"http:\/\/www.ousli.org\" href=\"http:\/\/www.ousli.org\" rel=\"noopener\">a web de OUSLI<\/a>  (Ourense e Software Libre), nestes meses constitu\u00eduse a asociaci\u00f3n formada por un grupo de xente con moita motivaci\u00f3n por facer cousas polo Software Libre, principalmente en tarefas de difusi\u00f3n, a\u00ednda que tam\u00e9n noutros moitos proxectos que xa iredes vendo.<\/p>\n<p align=\"justify\">Dende OUSLI, invitamos a todos a que sigades apostando polo Software Libre e se non \u00e9 o caso pois que comecedes, e por suposto, contade coa nosa axuda.<\/p>\n<p><\/p>\n<p align=\"justify\"><a target=\"_blank\" title=\"http:\/\/www.ousli.org\" href=\"http:\/\/www.ousli.org\" rel=\"noopener\">OUSLI<\/a>, Asociaci\u00f3n Cultural Ourensana de Software Libre, \u00e9 unha asociaci\u00f3n sen \u00e1nimo de lucro e de recente constituci\u00f3n dentro da cidade de Ourense, a\u00ednda que tam\u00e9n leva a cabo actividades por toda a comunidade Galega.<\/p>\n<div align=\"justify\"> <\/div>\n<p align=\"justify\">A raz\u00f3n da s\u00faa constituci\u00f3n \u00e9 achegar o Software Libre a toda a comunidade, en especial a cidade de Ourense. De forma m\u00e1is detallada, os fins principais da asociaci\u00f3n son:<\/p>\n<div align=\"justify\">\n<ul>\n<li>Promoci\u00f3n do concepto do Software Libre e fomento do seu uso.<\/li>\n<li>Achegar a sociedade da informaci\u00f3n a t\u00f3dolos \u00e1mbitos da comunidade galega.<\/li>\n<li>Promoci\u00f3n do uso da lingua galega no eido das novas tecnolox\u00edas.<\/li>\n<li>Desenvolvemento e promoci\u00f3n de programas libres. <\/li>\n<li>Adaptaci\u00f3n de Software Libre a lingua galega.<\/li>\n<li>Promover o emprego de est\u00e1ndares abertos na sociedade da informaci\u00f3n e no \u00e1mbito tecnol\u00f3xico.<\/li>\n<li>Formaci\u00f3n das novas tecnolox\u00edas no eido do Sotware Libre nos diferentes eidos (educativo, empresarial&#8230;).<\/li>\n<\/ul><\/div>\n<p align=\"justify\">Para levar a cabo os seus fins, OUSLI organiza diversas actividades entre as que podemos destacar:<\/p>\n<div align=\"justify\">\n<ul>\n<li>Organizaci\u00f3n de charlas, cursos, xornadas e congresos divulgativos relacionados cos fins da asociaci\u00f3n.<\/li>\n<li>Desenvolvemento de actividades que axuden \u00e1 introducci\u00f3n do galego no eido do Software Libre.<\/li>\n<li>Proxectos de desenvolvemento e programaci\u00f3n de aplicaci\u00f3ns baixo licenzas libres. &#8230;<\/li>\n<\/ul>\n<\/div>\n<p align=\"justify\"><a target=\"_blank\" title=\"http:\/\/ousli.org\/content\/view\/18\/2\/\" href=\"http:\/\/ousli.org\/content\/view\/18\/2\" rel=\"noopener\">Web de Ousli<\/a> <\/p>\n","protected":false},"excerpt":{"rendered":"<p align=\"justify\"><a title=\"http:\/\/www.ousli.org\" target=\"_blank\" href=\"http:\/\/www.ousli.org\" rel=\"noopener\"><img loading=\"lazy\" decoding=\"async\" width=\"138\" vspace=\"0\" hspace=\"10\" height=\"111\" border=\"0\" align=\"left\" title=\"http:\/\/www.mancomun.org\/images\/stories\/ousli.jpg\" alt=\"http:\/\/www.mancomun.org\/images\/stories\/ousli.jpg\" src=\"https:\/\/www.mancomun.gal\/wp-content\/uploads\/uploads\/pics\/stories\/ousli.jpg\" \/><\/a> Despois de varios meses de traballo por fin chega o d\u00eda no que se inaugura <a target=\"_blank\" title=\"http:\/\/www.ousli.org\" href=\"http:\/\/www.ousli.org\" rel=\"noopener\">a web de OUSLI<\/a>  (Ourense e Software Libre), nestes meses constitu\u00eduse a asociaci\u00f3n formada por un grupo de xente con moita motivaci\u00f3n por facer cousas polo Software Libre, principalmente en tarefas de difusi\u00f3n, a\u00ednda que tam\u00e9n noutros moitos proxectos que xa iredes vendo.<\/p>\n<p align=\"justify\">Dende OUSLI, invitamos a todos a que sigades apostando polo Software Libre e se non \u00e9 o caso pois que comecedes, e por suposto, contade coa nosa axuda.<\/p>\n","protected":false},"author":5,"featured_media":1404,"comment_status":"open","ping_status":"open","sticky":false,"template":"","format":"standard","meta":{"footnotes":""},"categories":[],"tags":[],"class_list":["post-35576","post","type-post","status-publish","format-standard","has-post-thumbnail","hentry"],"acf":[],"_links":{"self":[{"href":"https:\/\/mancomun.gal\/es\/wp-json\/wp\/v2\/posts\/35576","targetHints":{"allow":["GET"]}}],"collection":[{"href":"https:\/\/mancomun.gal\/es\/wp-json\/wp\/v2\/posts"}],"about":[{"href":"https:\/\/mancomun.gal\/es\/wp-json\/wp\/v2\/types\/post"}],"author":[{"embeddable":true,"href":"https:\/\/mancomun.gal\/es\/wp-json\/wp\/v2\/users\/5"}],"replies":[{"embeddable":true,"href":"https:\/\/mancomun.gal\/es\/wp-json\/wp\/v2\/comments?post=35576"}],"version-history":[{"count":1,"href":"https:\/\/mancomun.gal\/es\/wp-json\/wp\/v2\/posts\/35576\/revisions"}],"predecessor-version":[{"id":35577,"href":"https:\/\/mancomun.gal\/es\/wp-json\/wp\/v2\/posts\/35576\/revisions\/35577"}],"wp:featuredmedia":[{"embeddable":true,"href":"https:\/\/mancomun.gal\/es\/wp-json\/wp\/v2\/media\/1404"}],"wp:attachment":[{"href":"https:\/\/mancomun.gal\/es\/wp-json\/wp\/v2\/media?parent=35576"}],"wp:term":[{"taxonomy":"category","embeddable":true,"href":"https:\/\/mancomun.gal\/es\/wp-json\/wp\/v2\/categories?post=35576"},{"taxonomy":"post_tag","embeddable":true,"href":"https:\/\/mancomun.gal\/es\/wp-json\/wp\/v2\/tags?post=35576"}],"curies":[{"name":"wp","href":"https:\/\/api.w.org\/{rel}","templated":true}]}}