{"id":35579,"date":"2007-03-01T09:52:00","date_gmt":"2007-03-01T08:52:00","guid":{"rendered":"https:\/\/mancomun.gal\/extremadura-traslada-a-sua-experiencia-en-software-libre-a-california\/"},"modified":"2023-05-09T17:13:26","modified_gmt":"2023-05-09T15:13:26","slug":"extremadura-traslada-a-sua-experiencia-en-software-libre-a-california","status":"publish","type":"post","link":"https:\/\/mancomun.gal\/es\/extremadura-traslada-a-sua-experiencia-en-software-libre-a-california\/","title":{"rendered":"Extremadura traslada a s\u00faa experiencia en Software Libre a California"},"content":{"rendered":"<p align=\"justify\"><img loading=\"lazy\" decoding=\"async\" width=\"108\" vspace=\"5\" hspace=\"5\" height=\"97\" border=\"0\" align=\"right\" title=\"http:\/\/www.mancomun.org\/images\/stories\/linex175.jpg\" alt=\"http:\/\/www.mancomun.org\/images\/stories\/linex175.jpg\" src=\"https:\/\/mancomun.gal\/wp-content\/uploads\/2022\/09\/linex175.jpg\" \/>O conselleiro de \u00abInfraestructuras y Desarrollo Tecnol\u00f3gico\u00bb da Junta de Extremadura, Luis Mill\u00e1n V\u00e1zquez de Miguel, amosa en California a experiencia estreme\u00f1a co uso do Software Libre e a aposta pola alfabetizaci\u00f3n da poboaci\u00f3n nas xornadas de sociedade da informaci\u00f3n e do desenvolvemento que se celebran en Silicon Valley.<\/p>\n<p>Neste encontro participan 24 pa\u00edses, ademais de empresas como Intel, Microsoft, IBM e Siemens, pero desde a organizaci\u00f3n dest\u00e1case a presencia de Malaisia, as\u00ed como tam\u00e9n o secretario xeral da ONU, <strong>Ban Ki-Moon<\/strong>, encargado da inauguraci\u00f3n do encontro&#8230;<\/p>\n<p><\/p>\n<p align=\"justify\">Os obxectivos deste encontro pasan por sentar na mesma mesa a pa\u00edses que necesiten axuda, a empresas que poidan financiar os proxectos e a expertos que orienten o financiamento, aporten o co\u00f1ecemento e faciliten o desenvolvemento a trav\u00e9s de boas pr\u00e1cticas.<\/p>\n<p>Podes seguir lendo a nova completa na s\u00faa fonte orixinal:<\/p>\n<p align=\"justify\"><a target=\"_blank\" title=\"http:\/\/www.elperiodicoextremadura.com\/noticias\/noticia.asp?pkid=288399 \" href=\"http:\/\/www.elperiodicoextremadura.com\/noticias\/noticia.asp?pkid=288399\" rel=\"noopener\">http:\/\/www.elperiodicoextremadura.com<\/a><\/p>\n","protected":false},"excerpt":{"rendered":"<p align=\"justify\"><img loading=\"lazy\" decoding=\"async\" width=\"108\" vspace=\"5\" hspace=\"5\" height=\"97\" border=\"0\" align=\"right\" title=\"http:\/\/www.mancomun.org\/images\/stories\/linex175.jpg\" alt=\"http:\/\/www.mancomun.org\/images\/stories\/linex175.jpg\" src=\"https:\/\/www.mancomun.gal\/wp-content\/uploads\/uploads\/pics\/stories\/linex175.jpg\" \/>O conselleiro de \u00abInfraestructuras y Desarrollo Tecnol\u00f3gico\u00bb da Junta de Extremadura, Luis Mill\u00e1n V\u00e1zquez de Miguel, amosa en California a experiencia estreme\u00f1a co uso do Software Libre e a aposta pola alfabetizaci\u00f3n da poboaci\u00f3n nas xornadas de sociedade da informaci\u00f3n e do desenvolvemento que se celebran en Silicon Valley.<\/p>\n<p>Neste encontro participan 24 pa\u00edses, ademais de empresas como Intel, Microsoft, IBM e Siemens, pero desde a organizaci\u00f3n dest\u00e1case a presencia de Malaisia, as\u00ed como tam\u00e9n o secretario xeral da ONU, <strong>Ban Ki-Moon<\/strong>, encargado da inauguraci\u00f3n do encontro&#8230;<\/p>\n","protected":false},"author":5,"featured_media":1409,"comment_status":"open","ping_status":"open","sticky":false,"template":"","format":"standard","meta":{"footnotes":""},"categories":[],"tags":[],"class_list":["post-35579","post","type-post","status-publish","format-standard","has-post-thumbnail","hentry"],"acf":[],"_links":{"self":[{"href":"https:\/\/mancomun.gal\/es\/wp-json\/wp\/v2\/posts\/35579","targetHints":{"allow":["GET"]}}],"collection":[{"href":"https:\/\/mancomun.gal\/es\/wp-json\/wp\/v2\/posts"}],"about":[{"href":"https:\/\/mancomun.gal\/es\/wp-json\/wp\/v2\/types\/post"}],"author":[{"embeddable":true,"href":"https:\/\/mancomun.gal\/es\/wp-json\/wp\/v2\/users\/5"}],"replies":[{"embeddable":true,"href":"https:\/\/mancomun.gal\/es\/wp-json\/wp\/v2\/comments?post=35579"}],"version-history":[{"count":1,"href":"https:\/\/mancomun.gal\/es\/wp-json\/wp\/v2\/posts\/35579\/revisions"}],"predecessor-version":[{"id":35580,"href":"https:\/\/mancomun.gal\/es\/wp-json\/wp\/v2\/posts\/35579\/revisions\/35580"}],"wp:featuredmedia":[{"embeddable":true,"href":"https:\/\/mancomun.gal\/es\/wp-json\/wp\/v2\/media\/1409"}],"wp:attachment":[{"href":"https:\/\/mancomun.gal\/es\/wp-json\/wp\/v2\/media?parent=35579"}],"wp:term":[{"taxonomy":"category","embeddable":true,"href":"https:\/\/mancomun.gal\/es\/wp-json\/wp\/v2\/categories?post=35579"},{"taxonomy":"post_tag","embeddable":true,"href":"https:\/\/mancomun.gal\/es\/wp-json\/wp\/v2\/tags?post=35579"}],"curies":[{"name":"wp","href":"https:\/\/api.w.org\/{rel}","templated":true}]}}