{"id":35592,"date":"2007-03-05T09:35:38","date_gmt":"2007-03-05T08:35:38","guid":{"rendered":"https:\/\/mancomun.gal\/proxima-charla-de-gulo-plan9-mais-ala-de-unix\/"},"modified":"2023-05-09T17:18:06","modified_gmt":"2023-05-09T15:18:06","slug":"proxima-charla-de-gulo-plan9-mais-ala-de-unix","status":"publish","type":"post","link":"https:\/\/mancomun.gal\/es\/proxima-charla-de-gulo-plan9-mais-ala-de-unix\/","title":{"rendered":"Pr\u00f3xima charla de GULO: &#39;Plan9 : M\u00e1is al\u00e1 de UNIX&#39;"},"content":{"rendered":"<div align=\"justify\"><img loading=\"lazy\" decoding=\"async\" width=\"64\" vspace=\"5\" hspace=\"5\" height=\"72\" border=\"0\" align=\"right\" title=\"http:\/\/www.mancomun.org\/images\/stories\/gulo.png\" alt=\"http:\/\/www.mancomun.org\/images\/stories\/gulo.png\" src=\"https:\/\/mancomun.gal\/wp-content\/uploads\/2022\/09\/gulo.png\" \/>O pr\u00f3ximo xoves 8 de Marzo \u00e1s 17:30 ter\u00e1 lugar no sal\u00f3n de Actos do Edificio Polit\u00e9cnico do campus de Ourense o relatorio:<\/p>\n<p> \u00abPlan9 : M\u00e1is al\u00e1 de UNIX\u00bb<\/p>\n<p>Relator: Orlando Garc\u00eda Feal (GULO)<br \/> Nivel: Medio<\/p>\n<p> Este relatorio inscr\u00edbese no marco dos Coloquios Abertos, co cal os asistentes que acudan ao mesmo, poden trocar as horas de asistencia a ditos\u00a0 relatorios por cr\u00e9ditos de libre elecci\u00f3n (da Universidade de Vigo)&#8230;<\/p><\/div>\n<p><\/p>\n<p>\u00a0<br \/>Publicado na <a target=\"_blank\" title=\"http:\/\/listas.mancomun.org\/pipermail\/guls\/2007-March\/000172.html\" href=\"http:\/\/listas.mancomun.org\/pipermail\/guls\/2007-March\/000172.html\" rel=\"noopener\">lista de guls de mancomun.org<\/a>.<\/p>\n<p>Engadido \u00e1 <a target=\"_blank\" title=\"http:\/\/www.mancomun.org\/index.php\/component\/option,com_extcalendar\/Itemid,37\/\" href=\"https:\/\/www.mancomun.gal\/index.php\/component\/option,com_extcalendar\/Itemid,37\" rel=\"noopener\">Axenda de eventos<\/a>.<\/p>\n<p>\u00a0<\/p>\n","protected":false},"excerpt":{"rendered":"<div align=\"justify\"><img loading=\"lazy\" decoding=\"async\" width=\"64\" vspace=\"5\" hspace=\"5\" height=\"72\" border=\"0\" align=\"right\" title=\"http:\/\/www.mancomun.org\/images\/stories\/gulo.png\" alt=\"http:\/\/www.mancomun.org\/images\/stories\/gulo.png\" src=\"https:\/\/www.mancomun.gal\/wp-content\/uploads\/uploads\/pics\/stories\/gulo.png\" \/>O pr\u00f3ximo xoves 8 de Marzo \u00e1s 17:30 ter\u00e1 lugar no sal\u00f3n de Actos do Edificio Polit\u00e9cnico do campus de Ourense o relatorio:<\/p>\n<p> \u00abPlan9 : M\u00e1is al\u00e1 de UNIX\u00bb<\/p>\n<p>Relator: Orlando Garc\u00eda Feal (GULO)<br \/> Nivel: Medio<\/p>\n<p> Este relatorio inscr\u00edbese no marco dos Coloquios Abertos, co cal os asistentes que acudan ao mesmo, poden trocar as horas de asistencia a ditos\u00a0 relatorios por cr\u00e9ditos de libre elecci\u00f3n (da Universidade de Vigo)&#8230;<\/p><\/div>\n","protected":false},"author":5,"featured_media":478,"comment_status":"open","ping_status":"open","sticky":false,"template":"","format":"standard","meta":{"footnotes":""},"categories":[],"tags":[],"class_list":["post-35592","post","type-post","status-publish","format-standard","has-post-thumbnail","hentry"],"acf":[],"_links":{"self":[{"href":"https:\/\/mancomun.gal\/es\/wp-json\/wp\/v2\/posts\/35592","targetHints":{"allow":["GET"]}}],"collection":[{"href":"https:\/\/mancomun.gal\/es\/wp-json\/wp\/v2\/posts"}],"about":[{"href":"https:\/\/mancomun.gal\/es\/wp-json\/wp\/v2\/types\/post"}],"author":[{"embeddable":true,"href":"https:\/\/mancomun.gal\/es\/wp-json\/wp\/v2\/users\/5"}],"replies":[{"embeddable":true,"href":"https:\/\/mancomun.gal\/es\/wp-json\/wp\/v2\/comments?post=35592"}],"version-history":[{"count":1,"href":"https:\/\/mancomun.gal\/es\/wp-json\/wp\/v2\/posts\/35592\/revisions"}],"predecessor-version":[{"id":35593,"href":"https:\/\/mancomun.gal\/es\/wp-json\/wp\/v2\/posts\/35592\/revisions\/35593"}],"wp:featuredmedia":[{"embeddable":true,"href":"https:\/\/mancomun.gal\/es\/wp-json\/wp\/v2\/media\/478"}],"wp:attachment":[{"href":"https:\/\/mancomun.gal\/es\/wp-json\/wp\/v2\/media?parent=35592"}],"wp:term":[{"taxonomy":"category","embeddable":true,"href":"https:\/\/mancomun.gal\/es\/wp-json\/wp\/v2\/categories?post=35592"},{"taxonomy":"post_tag","embeddable":true,"href":"https:\/\/mancomun.gal\/es\/wp-json\/wp\/v2\/tags?post=35592"}],"curies":[{"name":"wp","href":"https:\/\/api.w.org\/{rel}","templated":true}]}}