{"id":35596,"date":"2007-03-05T10:15:32","date_gmt":"2007-03-05T09:15:32","guid":{"rendered":"https:\/\/mancomun.gal\/curso-de-entrans-para-docentes-de-ensino-non-universitario\/"},"modified":"2023-05-09T17:18:09","modified_gmt":"2023-05-09T15:18:09","slug":"curso-de-entrans-para-docentes-de-ensino-non-universitario","status":"publish","type":"post","link":"https:\/\/mancomun.gal\/es\/curso-de-entrans-para-docentes-de-ensino-non-universitario\/","title":{"rendered":"Curso de Entrans para docentes de ensino non universitario"},"content":{"rendered":"<p align=\"justify\"><img loading=\"lazy\" decoding=\"async\" width=\"180\" vspace=\"2\" hspace=\"2\" height=\"39\" border=\"0\" align=\"left\" alt=\"Entrans\" title=\"Entrans\" src=\"https:\/\/mancomun.gal\/wp-content\/uploads\/2022\/09\/logo_entrans.png\" \/>A Conseller\u00eda de Educaci\u00f3n en colaboraci\u00f3n coa Conseller\u00eda de Innovaci\u00f3n organiza un curso de formaci\u00f3n permanente do profesorado da ferramenta de traduci\u00f3n colaborativa <a target=\"_blank\" title=\"Entrans\" href=\"entrans\/\" rel=\"noopener\">Entrans<\/a>. Baixo o t\u00edtulo <em>Entrans: a lingua galega e a traduci\u00f3n do Software Libre para Galicia<\/em> tentarase expo\u00f1er aos docentes de ensino non universitario o prop\u00f3sito de <em>Mancomun.org: Iniciativa Galega polo Software Libre<\/em>, analizar as posibilidades did\u00e1cticas da ferramenta para a traduci\u00f3n do Software Libre \u00e1 lingua galega e facilitar a s\u00faa utilizaci\u00f3n docente nas \u00e1reas de lingua galega como elemento motivador do alumnado. <\/p>\n<p align=\"justify\">A inscrici\u00f3n realizarase a trav\u00e9s do <a title=\"Inscricii\u00f3n\" href=\"https:\/\/www.edu.xunta.es\/fprof\/paxinaInicio.do\">Sistema de Xesti\u00f3n da Formaci\u00f3n do Profesorado<\/a>, antes das 24:00 horas do martes 6 de marzo de 2007 (\u00c1REA: Tecnolox\u00edas da Informaci\u00f3n e da Comunicaci\u00f3n (TIC) \/ CFR: Servizos Centrais). \u00a0  <\/p>\n<p>\nO curso durar\u00e1 10 horas dividido nunha frase presencial o 9 de marzo e outra a distancia que ter\u00e1 lugar do 12 ao 19 de marzo e conta coa colaboraci\u00f3n de Mancomun.org. O <a target=\"_blank\" title=\"Programa do curso\" href=\"https:\/\/www.mancomun.gal\/index.php\/component\/option,com_remository\/Itemid,111\/func,fileinfo\/id,53\" rel=\"noopener\">programa<\/a>  do curso est\u00e1 dispo\u00f1ible na \u00e1rea de descargas.\u00a0<\/p>\n","protected":false},"excerpt":{"rendered":"<p align=\"justify\"><img loading=\"lazy\" decoding=\"async\" width=\"180\" vspace=\"2\" hspace=\"2\" height=\"39\" border=\"0\" align=\"left\" alt=\"Entrans\" title=\"Entrans\" src=\"https:\/\/www.mancomun.gal\/wp-content\/uploads\/uploads\/pics\/stories\/logo_entrans.png\" \/>A Conseller\u00eda de Educaci\u00f3n en colaboraci\u00f3n coa Conseller\u00eda de Innovaci\u00f3n organiza un curso de formaci\u00f3n permanente do profesorado da ferramenta de traduci\u00f3n colaborativa <a target=\"_blank\" title=\"Entrans\" href=\"entrans\/\" rel=\"noopener\">Entrans<\/a>. Baixo o t\u00edtulo <em>Entrans: a lingua galega e a traduci\u00f3n do Software Libre para Galicia<\/em> tentarase expo\u00f1er aos docentes de ensino non universitario o prop\u00f3sito de <em>Mancomun.org: Iniciativa Galega polo Software Libre<\/em>, analizar as posibilidades did\u00e1cticas da ferramenta para a traduci\u00f3n do Software Libre \u00e1 lingua galega e facilitar a s\u00faa utilizaci\u00f3n docente nas \u00e1reas de lingua galega como elemento motivador do alumnado. <\/p>\n<p align=\"justify\">A inscrici\u00f3n realizarase a trav\u00e9s do <a title=\"Inscricii\u00f3n\" href=\"https:\/\/www.edu.xunta.es\/fprof\/paxinaInicio.do\">Sistema de Xesti\u00f3n da Formaci\u00f3n do Profesorado<\/a>, antes das 24:00 horas do martes 6 de marzo de 2007 (\u00c1REA: Tecnolox\u00edas da Informaci\u00f3n e da Comunicaci\u00f3n (TIC) \/ CFR: Servizos Centrais). \u00a0  <\/p>\n","protected":false},"author":5,"featured_media":1432,"comment_status":"open","ping_status":"open","sticky":false,"template":"","format":"standard","meta":{"footnotes":""},"categories":[],"tags":[],"class_list":["post-35596","post","type-post","status-publish","format-standard","has-post-thumbnail","hentry"],"acf":[],"_links":{"self":[{"href":"https:\/\/mancomun.gal\/es\/wp-json\/wp\/v2\/posts\/35596","targetHints":{"allow":["GET"]}}],"collection":[{"href":"https:\/\/mancomun.gal\/es\/wp-json\/wp\/v2\/posts"}],"about":[{"href":"https:\/\/mancomun.gal\/es\/wp-json\/wp\/v2\/types\/post"}],"author":[{"embeddable":true,"href":"https:\/\/mancomun.gal\/es\/wp-json\/wp\/v2\/users\/5"}],"replies":[{"embeddable":true,"href":"https:\/\/mancomun.gal\/es\/wp-json\/wp\/v2\/comments?post=35596"}],"version-history":[{"count":1,"href":"https:\/\/mancomun.gal\/es\/wp-json\/wp\/v2\/posts\/35596\/revisions"}],"predecessor-version":[{"id":35597,"href":"https:\/\/mancomun.gal\/es\/wp-json\/wp\/v2\/posts\/35596\/revisions\/35597"}],"wp:featuredmedia":[{"embeddable":true,"href":"https:\/\/mancomun.gal\/es\/wp-json\/wp\/v2\/media\/1432"}],"wp:attachment":[{"href":"https:\/\/mancomun.gal\/es\/wp-json\/wp\/v2\/media?parent=35596"}],"wp:term":[{"taxonomy":"category","embeddable":true,"href":"https:\/\/mancomun.gal\/es\/wp-json\/wp\/v2\/categories?post=35596"},{"taxonomy":"post_tag","embeddable":true,"href":"https:\/\/mancomun.gal\/es\/wp-json\/wp\/v2\/tags?post=35596"}],"curies":[{"name":"wp","href":"https:\/\/api.w.org\/{rel}","templated":true}]}}