{"id":35598,"date":"2007-03-05T10:37:14","date_gmt":"2007-03-05T09:37:14","guid":{"rendered":"https:\/\/mancomun.gal\/descargar-a-traducion-do-firefox-ao-galego\/"},"modified":"2023-05-09T17:22:42","modified_gmt":"2023-05-09T15:22:42","slug":"descargar-a-traducion-do-firefox-ao-galego","status":"publish","type":"post","link":"https:\/\/mancomun.gal\/es\/descargar-a-traducion-do-firefox-ao-galego\/","title":{"rendered":"Descargar a traduci\u00f3n do Firefox ao galego"},"content":{"rendered":"<p align=\"justify\"><a title=\"http:\/\/www.mancomun.org\/entrans\" target=\"_blank\" href=\"entrans\" rel=\"noopener\"><img loading=\"lazy\" decoding=\"async\" width=\"120\" vspace=\"5\" hspace=\"5\" height=\"120\" border=\"0\" align=\"left\" title=\"http:\/\/www.mancomun.org\/images\/banners\/entrans_banner.png\" alt=\"http:\/\/www.mancomun.org\/images\/banners\/entrans_banner.png\" src=\"https:\/\/www.mancomun.gal\/wp-content\/uploads\/uploads\/pics\/banners\/entrans_banner.png\" \/><\/a> Acabamos de rematar a revisi\u00f3n das cadeas da interface do Firefox que ti\u00f1amos colgadas no Entrans (<a title=\"http:\/\/www.mancomun.org\/entrans\" target=\"_blank\" href=\"entrans\" rel=\"noopener\">http:\/\/www.mancomun.org\/entrans<\/a>) e que foron traducidas por todos os voluntarios do servizo e por iso vimos de publicar a traduci\u00f3n do Firefox ao galego (100% da interface e unha traduci\u00f3n parcial da axuda).<\/p>\n<p align=\"justify\">A ligaz\u00f3n para a descarga da traduci\u00f3n \u00e9 a seguinte:<\/p>\n<p align=\"justify\"><a title=\"http:\/\/www.mancomun.org\/index.php\/component\/option,com_remository\/Itemid,111\/func,fileinfo\/id,54\/\" target=\"_blank\" href=\"index.php\/component\/option,com_remository\/Itemid,111\/func,fileinfo\/id,54\/\" rel=\"noopener\">Complemento coa traduci\u00f3n ao galego do Firefox 2.0<\/a><\/p>\n<p>En breve sacaremos unha actualizaci\u00f3n coa axuda totalmente traducida e revisada, e tam\u00e9n en breve esperemos que a coordinaci\u00f3n coa Fundaci\u00f3n Mozilla por parte de <a title=\"http:\/\/galician.mozdev.org\/\" target=\"_blank\" href=\"http:\/\/galician.mozdev.org\/\" rel=\"noopener\">galician.mozdev.org<\/a>  (grupo de traduci\u00f3n ao galego de aplicaci\u00f3ns da Fundaci\u00f3n Mozilla) empece a funcionar normalmente para poder enviarlles a traduci\u00f3n e ter unha versi\u00f3n do Firefox ao galego 100% oficial dispo\u00f1ible dende a p\u00e1xina de descargas de Firefox.<\/p>\n<p align=\"justify\">Para ver as instruci\u00f3ns de instalaci\u00f3n prema en ler m\u00e1is&#8230;<\/p>\n<p><\/p>\n<div align=\"justify\">Instruci\u00f3ns para a instalaci\u00f3n da traduci\u00f3n:<\/p>\n<p> Para usar a traduci\u00f3n temos que instalar o complemento (gl-ES.xpi). Para instalar este complemento s\u00f3 temos que arrastrar o ficheiro gl-ES.xpi a unha vent\u00e1 aberta do Firefox. Feito isto, se temos o sistema operativo en galego, o Firefox arrancar\u00e1 por defecto xa en galego.<\/p>\n<p> Se non fose as\u00ed, deberemos engadir un par\u00e1metro de execuci\u00f3n ao Firefox. O par\u00e1metro \u00e9 o seguinte (sen as comi\u00f1as):<\/p>\n<p> \u00ab-uilocale gl-ES\u00bb<\/p>\n<p> Outra opci\u00f3n \u00e9 instalando o paquete de idioma e despois un complemento a maiores, o Locale Switcher, que permite seleccionar o idioma sen ter que po\u00f1er o par\u00e1metro anterior. Inst\u00e1lase, rein\u00edciase e xa aparece en \u00abFerramentas->Idiomas->Galego\u00bb<\/p>\n<p> Para instalar \u00abLocale Switcher\u00bb<br \/><a title=\"https:\/\/addons.mozilla.org\/firefox\/356\/\" target=\"_blank\" href=\"https:\/\/addons.mozilla.org\/firefox\/356\" rel=\"noopener\"> https:\/\/addons.mozilla.org\/firefox\/356\/<\/a> <\/div>\n","protected":false},"excerpt":{"rendered":"<p align=\"justify\"><a title=\"http:\/\/www.mancomun.org\/entrans\" target=\"_blank\" href=\"entrans\" rel=\"noopener\"><img loading=\"lazy\" decoding=\"async\" width=\"120\" vspace=\"5\" hspace=\"5\" height=\"120\" border=\"0\" align=\"left\" title=\"http:\/\/www.mancomun.org\/images\/banners\/entrans_banner.png\" alt=\"http:\/\/www.mancomun.org\/images\/banners\/entrans_banner.png\" src=\"https:\/\/www.mancomun.gal\/wp-content\/uploads\/uploads\/pics\/banners\/entrans_banner.png\" \/><\/a> Acabamos de rematar a revisi\u00f3n das cadeas da interface do Firefox que ti\u00f1amos colgadas no Entrans (<a title=\"http:\/\/www.mancomun.org\/entrans\" target=\"_blank\" href=\"entrans\" rel=\"noopener\">http:\/\/www.mancomun.org\/entrans<\/a>) e que foron traducidas por todos os voluntarios do servizo e por iso vimos de publicar a traduci\u00f3n do Firefox ao galego (100% da interface e unha traduci\u00f3n parcial da axuda).<\/p>\n<p align=\"justify\">A ligaz\u00f3n para a descarga da traduci\u00f3n \u00e9 a seguinte:<\/p>\n<p align=\"justify\"><a title=\"http:\/\/www.mancomun.org\/index.php\/component\/option,com_remository\/Itemid,111\/func,fileinfo\/id,54\/\" target=\"_blank\" href=\"index.php\/component\/option,com_remository\/Itemid,111\/func,fileinfo\/id,54\/\" rel=\"noopener\">Complemento coa traduci\u00f3n ao galego do Firefox 2.0<\/a><\/p>\n<p>En breve sacaremos unha actualizaci\u00f3n coa axuda totalmente traducida e revisada, e tam\u00e9n en breve esperemos que a coordinaci\u00f3n coa Fundaci\u00f3n Mozilla por parte de <a title=\"http:\/\/galician.mozdev.org\/\" target=\"_blank\" href=\"http:\/\/galician.mozdev.org\/\" rel=\"noopener\">galician.mozdev.org<\/a>  (grupo de traduci\u00f3n ao galego de aplicaci\u00f3ns da Fundaci\u00f3n Mozilla) empece a funcionar normalmente para poder enviarlles a traduci\u00f3n e ter unha versi\u00f3n do Firefox ao galego 100% oficial dispo\u00f1ible dende a p\u00e1xina de descargas de Firefox.<\/p>\n<p align=\"justify\">Para ver as instruci\u00f3ns de instalaci\u00f3n prema en ler m\u00e1is&#8230;<\/p>\n","protected":false},"author":5,"featured_media":0,"comment_status":"open","ping_status":"open","sticky":false,"template":"","format":"standard","meta":{"footnotes":""},"categories":[],"tags":[],"class_list":["post-35598","post","type-post","status-publish","format-standard","hentry"],"acf":[],"_links":{"self":[{"href":"https:\/\/mancomun.gal\/es\/wp-json\/wp\/v2\/posts\/35598","targetHints":{"allow":["GET"]}}],"collection":[{"href":"https:\/\/mancomun.gal\/es\/wp-json\/wp\/v2\/posts"}],"about":[{"href":"https:\/\/mancomun.gal\/es\/wp-json\/wp\/v2\/types\/post"}],"author":[{"embeddable":true,"href":"https:\/\/mancomun.gal\/es\/wp-json\/wp\/v2\/users\/5"}],"replies":[{"embeddable":true,"href":"https:\/\/mancomun.gal\/es\/wp-json\/wp\/v2\/comments?post=35598"}],"version-history":[{"count":1,"href":"https:\/\/mancomun.gal\/es\/wp-json\/wp\/v2\/posts\/35598\/revisions"}],"predecessor-version":[{"id":35599,"href":"https:\/\/mancomun.gal\/es\/wp-json\/wp\/v2\/posts\/35598\/revisions\/35599"}],"wp:attachment":[{"href":"https:\/\/mancomun.gal\/es\/wp-json\/wp\/v2\/media?parent=35598"}],"wp:term":[{"taxonomy":"category","embeddable":true,"href":"https:\/\/mancomun.gal\/es\/wp-json\/wp\/v2\/categories?post=35598"},{"taxonomy":"post_tag","embeddable":true,"href":"https:\/\/mancomun.gal\/es\/wp-json\/wp\/v2\/tags?post=35598"}],"curies":[{"name":"wp","href":"https:\/\/api.w.org\/{rel}","templated":true}]}}