{"id":35601,"date":"2007-03-05T10:43:03","date_gmt":"2007-03-05T09:43:03","guid":{"rendered":"https:\/\/mancomun.gal\/primeiras-xornadas-de-web-movil-mweb07-en-zaragoza\/"},"modified":"2023-05-09T17:22:43","modified_gmt":"2023-05-09T15:22:43","slug":"primeiras-xornadas-de-web-movil-mweb07-en-zaragoza","status":"publish","type":"post","link":"https:\/\/mancomun.gal\/es\/primeiras-xornadas-de-web-movil-mweb07-en-zaragoza\/","title":{"rendered":"Primeiras Xornadas de Web M\u00f3vil (Mweb&#39;07) en Zaragoza"},"content":{"rendered":"<p align=\"justify\"><img loading=\"lazy\" decoding=\"async\" width=\"103\" vspace=\"5\" hspace=\"5\" height=\"52\" border=\"0\" align=\"right\" title=\"http:\/\/www.mancomun.org\/images\/stories\/w3c.png\" alt=\"http:\/\/www.mancomun.org\/images\/stories\/w3c.png\" src=\"https:\/\/mancomun.gal\/wp-content\/uploads\/2022\/09\/w3c.png\" \/>A Oficina do W3C en Espa\u00f1a organiza este ano as Primeiras Xornadas de Web M\u00f3vil (<a title=\"http:\/\/www.w3c.es\/Eventos\/2007\/MWeb\/ \" target=\"_blank\" href=\"http:\/\/www.w3c.es\/Eventos\/2007\/MWeb\/ \" rel=\"noopener\">Mweb\u201907<\/a>), que ter\u00e1n lugar o 12 e 13 de setembro en Zaragoza, enmarcadas dentro do Congreso Nacional de Inform\u00e1tica (<a title=\"http:\/\/www.congresocedi.es\/2007\/contenido.php?apartado=presentacion&#038;menu=1\" target=\"_blank\" href=\"http:\/\/www.congresocedi.es\/2007\/contenido.php?apartado=presentacion&#038;menu=1\" rel=\"noopener\">CEDI<\/a>). <\/p>\n<p align=\"justify\">O obxectivo principal deste evento \u00e9 crear un punto de encontro entre aqueles profesionais, empresas e investigadores interesados no potencial da Web accesible dende dispositivos m\u00f3biles (tel\u00e9fonos, PDAs, dispositivos de man, &#8230;) tendo como base a utilizaci\u00f3n de est\u00e1ndares.<\/p>\n<p><\/p>\n<p align=\"justify\">Un dos obxectivos da Mweb&#8217;07 \u00e9 xuntar os co\u00f1ecementos do mundo da industria e o contorno universitario, achegando os resultados da investigaci\u00f3n \u00e1s empresas (favoreciendo a transferencia tecnol\u00f3xica) e creando un marco de colaboraci\u00f3n adecuado para alcanzar futuros acordos que beneficien a \u00e1mbalas d\u00faas partes e ao conxunto da sociedade.<\/p>\n<p align=\"justify\">Xa est\u00e1 aberta a <a title=\"http:\/\/www.w3c.es\/Eventos\/2007\/MWeb\/Comunicaciones\/\" target=\"_blank\" href=\"http:\/\/www.w3c.es\/Eventos\/2007\/MWeb\/Comunicaciones\" rel=\"noopener\">Chamada \u00e1 Participaci\u00f3n<\/a>  (call for papers) das Mweb\u201907.<\/p>\n","protected":false},"excerpt":{"rendered":"<p align=\"justify\"><img loading=\"lazy\" decoding=\"async\" width=\"103\" vspace=\"5\" hspace=\"5\" height=\"52\" border=\"0\" align=\"right\" title=\"http:\/\/www.mancomun.org\/images\/stories\/w3c.png\" alt=\"http:\/\/www.mancomun.org\/images\/stories\/w3c.png\" src=\"https:\/\/www.mancomun.gal\/wp-content\/uploads\/uploads\/pics\/stories\/w3c.png\" \/>A Oficina do W3C en Espa\u00f1a organiza este ano as Primeiras Xornadas de Web M\u00f3vil (<a title=\"http:\/\/www.w3c.es\/Eventos\/2007\/MWeb\/ \" target=\"_blank\" href=\"http:\/\/www.w3c.es\/Eventos\/2007\/MWeb\/ \" rel=\"noopener\">Mweb\u201907<\/a>), que ter\u00e1n lugar o 12 e 13 de setembro en Zaragoza, enmarcadas dentro do Congreso Nacional de Inform\u00e1tica (<a title=\"http:\/\/www.congresocedi.es\/2007\/contenido.php?apartado=presentacion&#038;menu=1\" target=\"_blank\" href=\"http:\/\/www.congresocedi.es\/2007\/contenido.php?apartado=presentacion&#038;menu=1\" rel=\"noopener\">CEDI<\/a>). <\/p>\n<p align=\"justify\">O obxectivo principal deste evento \u00e9 crear un punto de encontro entre aqueles profesionais, empresas e investigadores interesados no potencial da Web accesible dende dispositivos m\u00f3biles (tel\u00e9fonos, PDAs, dispositivos de man, &#8230;) tendo como base a utilizaci\u00f3n de est\u00e1ndares.<\/p>\n","protected":false},"author":5,"featured_media":1396,"comment_status":"open","ping_status":"open","sticky":false,"template":"","format":"standard","meta":{"footnotes":""},"categories":[],"tags":[],"class_list":["post-35601","post","type-post","status-publish","format-standard","has-post-thumbnail","hentry"],"acf":[],"_links":{"self":[{"href":"https:\/\/mancomun.gal\/es\/wp-json\/wp\/v2\/posts\/35601","targetHints":{"allow":["GET"]}}],"collection":[{"href":"https:\/\/mancomun.gal\/es\/wp-json\/wp\/v2\/posts"}],"about":[{"href":"https:\/\/mancomun.gal\/es\/wp-json\/wp\/v2\/types\/post"}],"author":[{"embeddable":true,"href":"https:\/\/mancomun.gal\/es\/wp-json\/wp\/v2\/users\/5"}],"replies":[{"embeddable":true,"href":"https:\/\/mancomun.gal\/es\/wp-json\/wp\/v2\/comments?post=35601"}],"version-history":[{"count":1,"href":"https:\/\/mancomun.gal\/es\/wp-json\/wp\/v2\/posts\/35601\/revisions"}],"predecessor-version":[{"id":35602,"href":"https:\/\/mancomun.gal\/es\/wp-json\/wp\/v2\/posts\/35601\/revisions\/35602"}],"wp:featuredmedia":[{"embeddable":true,"href":"https:\/\/mancomun.gal\/es\/wp-json\/wp\/v2\/media\/1396"}],"wp:attachment":[{"href":"https:\/\/mancomun.gal\/es\/wp-json\/wp\/v2\/media?parent=35601"}],"wp:term":[{"taxonomy":"category","embeddable":true,"href":"https:\/\/mancomun.gal\/es\/wp-json\/wp\/v2\/categories?post=35601"},{"taxonomy":"post_tag","embeddable":true,"href":"https:\/\/mancomun.gal\/es\/wp-json\/wp\/v2\/tags?post=35601"}],"curies":[{"name":"wp","href":"https:\/\/api.w.org\/{rel}","templated":true}]}}