{"id":35611,"date":"2007-03-07T08:21:35","date_gmt":"2007-03-07T07:21:35","guid":{"rendered":"https:\/\/mancomun.gal\/nova-version-de-proba-fedora-7-test-2-6-91\/"},"modified":"2007-03-07T08:21:35","modified_gmt":"2007-03-07T07:21:35","slug":"nova-version-de-proba-fedora-7-test-2-6-91","status":"publish","type":"post","link":"https:\/\/mancomun.gal\/es\/nova-version-de-proba-fedora-7-test-2-6-91\/","title":{"rendered":"Nova versi\u00f3n de proba Fedora 7 Test 2 (6.91)"},"content":{"rendered":"<p align=\"justify\">Xa vai un mes dende que falamos da versi\u00f3n de proba de <a title=\"http:\/\/www.mancomun.org\/index.php\/component\/option,com_content\/task,view\/id,808\/Itemid,2\/\" href=\"index.php\/component\/option,com_content\/task,view\/id,808\/Itemid,2\/\">Fedora 7 Test 1 (6.90)<\/a> , da folla de ruta proposta por Fedora para a liberaci\u00f3n da s\u00faa versi\u00f3n estable de Fedora 7 e anunciabamos que o lanzamento da versi\u00f3n de proba Test 2 estaba fixado para o 27 de febreiro. <\/p>\n<p>O pasado 1 de marzo Fedora anunciou que estaba dispo\u00f1ible a versi\u00f3n de proba Test 2. Esta nova versi\u00f3n conta coa fusi\u00f3n dos repositorios do n\u00facleo de Fedora e os extras de software, tam\u00e9n disp\u00f3n dun Live CD, do escritorio GNOME 2.17.91, KDE e Xfce, e un Kernel baseado en 2.6.21rc1 entre outras moitas cousas&#8230;<\/p>\n<p>\nEsta versi\u00f3n p\u00f3dese descargar dende<br \/> <a target=\"_blank\" title=\"http:\/\/fedora.redhat.com\/Download\/mirrors.html\" href=\"http:\/\/fedora.redhat.com\/Download\/mirrors.html\" rel=\"noopener\">http:\/\/fedora.redhat.com\/Download\/mirrors.html<\/p>\n<p><\/a>Fonte: <a target=\"_blank\" title=\"http:\/\/fedoranews.org\/cms\/node\/2733\" href=\"http:\/\/fedoranews.org\/cms\/node\/2733\" rel=\"noopener\">http:\/\/fedoranews.org\/cms\/node\/2733<\/a><\/p>\n","protected":false},"excerpt":{"rendered":"<p align=\"justify\">Xa vai un mes dende que falamos da versi\u00f3n de proba de <a title=\"http:\/\/www.mancomun.org\/index.php\/component\/option,com_content\/task,view\/id,808\/Itemid,2\/\" href=\"index.php\/component\/option,com_content\/task,view\/id,808\/Itemid,2\/\">Fedora 7 Test 1 (6.90)<\/a> , da folla de ruta proposta por Fedora para a liberaci\u00f3n da s\u00faa versi\u00f3n estable de Fedora 7 e anunciabamos que o lanzamento da versi\u00f3n de proba Test 2 estaba fixado para o 27 de febreiro. <\/p>\n<p>O pasado 1 de marzo Fedora anunciou que estaba dispo\u00f1ible a versi\u00f3n de proba Test 2. Esta nova versi\u00f3n conta coa fusi\u00f3n dos repositorios do n\u00facleo de Fedora e os extras de software, tam\u00e9n disp\u00f3n dun Live CD, do escritorio GNOME 2.17.91, KDE e Xfce, e un Kernel baseado en 2.6.21rc1 entre outras moitas cousas&#8230;<\/p>\n","protected":false},"author":5,"featured_media":0,"comment_status":"open","ping_status":"open","sticky":false,"template":"","format":"standard","meta":{"footnotes":""},"categories":[],"tags":[],"class_list":["post-35611","post","type-post","status-publish","format-standard","hentry"],"acf":[],"_links":{"self":[{"href":"https:\/\/mancomun.gal\/es\/wp-json\/wp\/v2\/posts\/35611","targetHints":{"allow":["GET"]}}],"collection":[{"href":"https:\/\/mancomun.gal\/es\/wp-json\/wp\/v2\/posts"}],"about":[{"href":"https:\/\/mancomun.gal\/es\/wp-json\/wp\/v2\/types\/post"}],"author":[{"embeddable":true,"href":"https:\/\/mancomun.gal\/es\/wp-json\/wp\/v2\/users\/5"}],"replies":[{"embeddable":true,"href":"https:\/\/mancomun.gal\/es\/wp-json\/wp\/v2\/comments?post=35611"}],"version-history":[{"count":0,"href":"https:\/\/mancomun.gal\/es\/wp-json\/wp\/v2\/posts\/35611\/revisions"}],"wp:attachment":[{"href":"https:\/\/mancomun.gal\/es\/wp-json\/wp\/v2\/media?parent=35611"}],"wp:term":[{"taxonomy":"category","embeddable":true,"href":"https:\/\/mancomun.gal\/es\/wp-json\/wp\/v2\/categories?post=35611"},{"taxonomy":"post_tag","embeddable":true,"href":"https:\/\/mancomun.gal\/es\/wp-json\/wp\/v2\/tags?post=35611"}],"curies":[{"name":"wp","href":"https:\/\/api.w.org\/{rel}","templated":true}]}}