{"id":35612,"date":"2007-03-07T10:40:11","date_gmt":"2007-03-07T09:40:11","guid":{"rendered":"https:\/\/mancomun.gal\/a-junta-extremadura-impulsara-nesta-lexislatura-un-proxecto-de-lei-de-licenza-libre\/"},"modified":"2023-05-09T17:22:54","modified_gmt":"2023-05-09T15:22:54","slug":"a-junta-extremadura-impulsara-nesta-lexislatura-un-proxecto-de-lei-de-licenza-libre","status":"publish","type":"post","link":"https:\/\/mancomun.gal\/es\/a-junta-extremadura-impulsara-nesta-lexislatura-un-proxecto-de-lei-de-licenza-libre\/","title":{"rendered":"A Junta Extremadura impulsar\u00e1 nesta lexislatura un proxecto de lei de licenza libre"},"content":{"rendered":"<div align=\"justify\"><img loading=\"lazy\" decoding=\"async\" width=\"75\" vspace=\"5\" hspace=\"5\" height=\"75\" border=\"0\" align=\"right\" title=\"http:\/\/www.mancomun.org\/images\/stories\/creativecommons.jpg\" alt=\"http:\/\/www.mancomun.org\/images\/stories\/creativecommons.jpg\" src=\"https:\/\/mancomun.gal\/wp-content\/uploads\/2022\/09\/creativecommons.jpg\" \/>A Junta de Extremadura impulsar\u00e1 esta lexislatura un proxecto de lei para modificar a Lei de Propiedade Intelectual e contemplar as licenzas de car\u00e1cter libre, como as denominadas &#8216;Creative Commons&#8217;. O proxecto de lei ser\u00e1 aprobado polo Parlamento rexional antes de que acabe a actual lexislatura para que sexa remitido posteriormente \u00e1s Cortes Xerais.<\/div>\n<p><\/p>\n<div align=\"justify\">&#8216;<a title=\"http:\/\/www.extremaduracreativa.org\/\" target=\"_blank\" href=\"http:\/\/www.extremaduracreativa.org\" rel=\"noopener\">Extremadura creativa<\/a>&#8216;, xa est\u00e1 comprometida a liderar este movemento que poida que sexa m\u00e1is importante que Linex, no campo da cultura, xa que este sector move moitos m\u00e1is cartos.<\/div>\n<div align=\"justify\">Fonte: <a title=\"http:\/\/www.laflecha.net\/canales\/softlibre\/noticias\/la-junta-extremadura-impulsara-en-esta-legislatura-un-proyecto-de-ley-de-licencia-libre\" target=\"_blank\" href=\"http:\/\/www.laflecha.net\/canales\/softlibre\/noticias\/la-junta-extremadura-impulsara-en-esta-legislatura-un-proyecto-de-ley-de-licencia-libre\" rel=\"noopener\">La Flecha<\/a> \u00a0<\/div>\n","protected":false},"excerpt":{"rendered":"<div align=\"justify\"><img loading=\"lazy\" decoding=\"async\" width=\"75\" vspace=\"5\" hspace=\"5\" height=\"75\" border=\"0\" align=\"right\" title=\"http:\/\/www.mancomun.org\/images\/stories\/creativecommons.jpg\" alt=\"http:\/\/www.mancomun.org\/images\/stories\/creativecommons.jpg\" src=\"https:\/\/www.mancomun.gal\/wp-content\/uploads\/uploads\/pics\/stories\/creativecommons.jpg\" \/>A Junta de Extremadura impulsar\u00e1 esta lexislatura un proxecto de lei para modificar a Lei de Propiedade Intelectual e contemplar as licenzas de car\u00e1cter libre, como as denominadas &#8216;Creative Commons&#8217;. O proxecto de lei ser\u00e1 aprobado polo Parlamento rexional antes de que acabe a actual lexislatura para que sexa remitido posteriormente \u00e1s Cortes Xerais.<\/div>\n","protected":false},"author":5,"featured_media":1384,"comment_status":"open","ping_status":"open","sticky":false,"template":"","format":"standard","meta":{"footnotes":""},"categories":[],"tags":[],"class_list":["post-35612","post","type-post","status-publish","format-standard","has-post-thumbnail","hentry"],"acf":[],"_links":{"self":[{"href":"https:\/\/mancomun.gal\/es\/wp-json\/wp\/v2\/posts\/35612","targetHints":{"allow":["GET"]}}],"collection":[{"href":"https:\/\/mancomun.gal\/es\/wp-json\/wp\/v2\/posts"}],"about":[{"href":"https:\/\/mancomun.gal\/es\/wp-json\/wp\/v2\/types\/post"}],"author":[{"embeddable":true,"href":"https:\/\/mancomun.gal\/es\/wp-json\/wp\/v2\/users\/5"}],"replies":[{"embeddable":true,"href":"https:\/\/mancomun.gal\/es\/wp-json\/wp\/v2\/comments?post=35612"}],"version-history":[{"count":1,"href":"https:\/\/mancomun.gal\/es\/wp-json\/wp\/v2\/posts\/35612\/revisions"}],"predecessor-version":[{"id":35613,"href":"https:\/\/mancomun.gal\/es\/wp-json\/wp\/v2\/posts\/35612\/revisions\/35613"}],"wp:featuredmedia":[{"embeddable":true,"href":"https:\/\/mancomun.gal\/es\/wp-json\/wp\/v2\/media\/1384"}],"wp:attachment":[{"href":"https:\/\/mancomun.gal\/es\/wp-json\/wp\/v2\/media?parent=35612"}],"wp:term":[{"taxonomy":"category","embeddable":true,"href":"https:\/\/mancomun.gal\/es\/wp-json\/wp\/v2\/categories?post=35612"},{"taxonomy":"post_tag","embeddable":true,"href":"https:\/\/mancomun.gal\/es\/wp-json\/wp\/v2\/tags?post=35612"}],"curies":[{"name":"wp","href":"https:\/\/api.w.org\/{rel}","templated":true}]}}