{"id":35619,"date":"2007-03-08T08:15:34","date_gmt":"2007-03-08T07:15:34","guid":{"rendered":"https:\/\/mancomun.gal\/axudas-as-asociacions-para-a-compra-de-equipos-e-o-desenvolvemento-de-webs\/"},"modified":"2007-03-08T08:15:34","modified_gmt":"2007-03-08T07:15:34","slug":"axudas-as-asociacions-para-a-compra-de-equipos-e-o-desenvolvemento-de-webs","status":"publish","type":"post","link":"https:\/\/mancomun.gal\/es\/axudas-as-asociacions-para-a-compra-de-equipos-e-o-desenvolvemento-de-webs\/","title":{"rendered":"Axudas \u00e1s asociaci\u00f3ns para a compra de equipos e o desenvolvemento de webs"},"content":{"rendered":"<div align=\"justify\">A Secretar\u00eda Xeral de Comunicaci\u00f3n convoca <a target=\"_blank\" title=\"Axudas a entidades sen \u00e1nimo de lucro\" href=\"http:\/\/www.xunta.es\/comunicacion\/dxca\/documentos\/esal07\/esal2007.pdf\" rel=\"noopener\">axudas <\/a> <span class=\"Estilo25\"><a target=\"_blank\" title=\"Axudas a entidades sen \u00e1nimo de lucro\" href=\"http:\/\/www.xunta.es\/comunicacion\/dxca\/documentos\/esal07\/esal2007.pdf\" rel=\"noopener\">a entidades sen \u00e1nimo de lucro<\/a>  para a adquisici\u00f3n de equipamento audiovisual e multimedia para crear medios de informaci\u00f3n electr\u00f3nica. Deste xeito subvencionarase a adquisici\u00f3n de computadores, equipos audiovisuais e multimedia e a creaci\u00f3n de p\u00e1xinas web en galego.\u00a0 O \u00faltimo d\u00eda para presentar as solicitudes \u00e9 o 31 de marzo. <\/span><\/div>\n<div align=\"justify\">\u00a0<\/div>\n<p>\nNa web da secretar\u00eda xeral podes atopar os diferentes <a target=\"_blank\" title=\"Impresos necesarios\" href=\"http:\/\/www.xunta.es\/comunicacion\/dxca\/axudas.htm#Axudas%20a%20entidades%20sen%20%E1nimo%20de%20lucro%20para%20a%20adquisici%F3n%20de%20equipamento%20audiovisual%20e%20multimedia%20para%20crear%20medios%20de%20informaci%F3n%20electr%F3nica\" rel=\"noopener\">impresos necesarios<\/a>. <\/p>\n","protected":false},"excerpt":{"rendered":"<div align=\"justify\">A Secretar\u00eda Xeral de Comunicaci\u00f3n convoca <a target=\"_blank\" title=\"Axudas a entidades sen \u00e1nimo de lucro\" href=\"http:\/\/www.xunta.es\/comunicacion\/dxca\/documentos\/esal07\/esal2007.pdf\" rel=\"noopener\">axudas <\/a> <span class=\"Estilo25\"><a target=\"_blank\" title=\"Axudas a entidades sen \u00e1nimo de lucro\" href=\"http:\/\/www.xunta.es\/comunicacion\/dxca\/documentos\/esal07\/esal2007.pdf\" rel=\"noopener\">a entidades sen \u00e1nimo de lucro<\/a>  para a adquisici\u00f3n de equipamento audiovisual e multimedia para crear medios de informaci\u00f3n electr\u00f3nica. Deste xeito subvencionarase a adquisici\u00f3n de computadores, equipos audiovisuais e multimedia e a creaci\u00f3n de p\u00e1xinas web en galego.\u00a0 O \u00faltimo d\u00eda para presentar as solicitudes \u00e9 o 31 de marzo. <\/span><\/div>\n<div align=\"justify\">\u00a0<\/div>\n","protected":false},"author":5,"featured_media":0,"comment_status":"open","ping_status":"open","sticky":false,"template":"","format":"standard","meta":{"footnotes":""},"categories":[],"tags":[],"class_list":["post-35619","post","type-post","status-publish","format-standard","hentry"],"acf":[],"_links":{"self":[{"href":"https:\/\/mancomun.gal\/es\/wp-json\/wp\/v2\/posts\/35619","targetHints":{"allow":["GET"]}}],"collection":[{"href":"https:\/\/mancomun.gal\/es\/wp-json\/wp\/v2\/posts"}],"about":[{"href":"https:\/\/mancomun.gal\/es\/wp-json\/wp\/v2\/types\/post"}],"author":[{"embeddable":true,"href":"https:\/\/mancomun.gal\/es\/wp-json\/wp\/v2\/users\/5"}],"replies":[{"embeddable":true,"href":"https:\/\/mancomun.gal\/es\/wp-json\/wp\/v2\/comments?post=35619"}],"version-history":[{"count":0,"href":"https:\/\/mancomun.gal\/es\/wp-json\/wp\/v2\/posts\/35619\/revisions"}],"wp:attachment":[{"href":"https:\/\/mancomun.gal\/es\/wp-json\/wp\/v2\/media?parent=35619"}],"wp:term":[{"taxonomy":"category","embeddable":true,"href":"https:\/\/mancomun.gal\/es\/wp-json\/wp\/v2\/categories?post=35619"},{"taxonomy":"post_tag","embeddable":true,"href":"https:\/\/mancomun.gal\/es\/wp-json\/wp\/v2\/tags?post=35619"}],"curies":[{"name":"wp","href":"https:\/\/api.w.org\/{rel}","templated":true}]}}