{"id":35622,"date":"2007-03-08T11:58:08","date_gmt":"2007-03-08T10:58:08","guid":{"rendered":"https:\/\/mancomun.gal\/o-w3c-crea-un-novo-grupo-de-traballo-de-html\/"},"modified":"2007-03-08T11:58:08","modified_gmt":"2007-03-08T10:58:08","slug":"o-w3c-crea-un-novo-grupo-de-traballo-de-html","status":"publish","type":"post","link":"https:\/\/mancomun.gal\/es\/o-w3c-crea-un-novo-grupo-de-traballo-de-html\/","title":{"rendered":"O W3C crea un novo Grupo de Traballo de HTML"},"content":{"rendered":"<p align=\"justify\" style=\"margin-bottom: 0cm\">O [[W3C]] fai p\u00fablica a invitaci\u00f3n \u00e1 participaci\u00f3n no novo Grupo de Traballo de HTML, <a target=\"_blank\" title=\"http:\/\/www.w3.org\/2007\/03\/HTML-WG-charter.html \" href=\"http:\/\/www.w3.org\/2007\/03\/HTML-WG-charter.html\" rel=\"noopener\">constitu\u00eddo<\/a>  co obxectivo de crear un <a target=\"_blank\" title=\"http:\/\/www.w3.org\/html\/wg\/\" href=\"http:\/\/www.w3.org\/html\/wg\/\" rel=\"noopener\">novo est\u00e1ndar HTML<\/a>  coa activa colaboraci\u00f3n dos fornecedores de navegadores, desenvolvedores de software e dese\u00f1adores de contido. <\/p>\n<p align=\"justify\" style=\"margin-bottom: 0cm\">\u00ab\u00c9 o momento de retomar este est\u00e1ndar, ver que podemos facer para satisfacer as actuais necesidades da comunidade e facelo eficazmente co compromiso dos fornecedores de navegadores de forma visible e aberta,\u00bb comentou <a target=\"_blank\" title=\"http:\/\/www.w3.org\/People\/Berners-Lee\/\" href=\"http:\/\/www.w3.org\/People\/Berners-Lee\/\" rel=\"noopener\">Tim Berners-Lee<\/a>, Director do W3C.  <\/p>\n<p><\/p>\n<p align=\"justify\">Ao mesmo tempo, o W3C est\u00e1 organizando un Grupo de Traballo de Forms, e un Grupo de Traballo de XHTML2, as\u00ed como a volta \u00e1 actividade do Grupo de Coordinaci\u00f3n de Hipertexto.  <\/p>\n<div align=\"justify\"> <\/div>\n<p align=\"justify\" style=\"margin-bottom: 0cm\"> \u00bb <a target=\"_blank\" title=\"http:\/\/www.w3c.es\/Prensa\/2007\/nota070307_html.html\" href=\"http:\/\/www.w3c.es\/Prensa\/2007\/nota070307_html.html\" rel=\"noopener\">Nota de prensa<\/a>    <\/p>\n","protected":false},"excerpt":{"rendered":"<p align=\"justify\" style=\"margin-bottom: 0cm\">O [[W3C]] fai p\u00fablica a invitaci\u00f3n \u00e1 participaci\u00f3n no novo Grupo de Traballo de HTML, <a target=\"_blank\" title=\"http:\/\/www.w3.org\/2007\/03\/HTML-WG-charter.html \" href=\"http:\/\/www.w3.org\/2007\/03\/HTML-WG-charter.html\" rel=\"noopener\">constitu\u00eddo<\/a>  co obxectivo de crear un <a target=\"_blank\" title=\"http:\/\/www.w3.org\/html\/wg\/\" href=\"http:\/\/www.w3.org\/html\/wg\/\" rel=\"noopener\">novo est\u00e1ndar HTML<\/a>  coa activa colaboraci\u00f3n dos fornecedores de navegadores, desenvolvedores de software e dese\u00f1adores de contido. <\/p>\n<p align=\"justify\" style=\"margin-bottom: 0cm\">\u00ab\u00c9 o momento de retomar este est\u00e1ndar, ver que podemos facer para satisfacer as actuais necesidades da comunidade e facelo eficazmente co compromiso dos fornecedores de navegadores de forma visible e aberta,\u00bb comentou <a target=\"_blank\" title=\"http:\/\/www.w3.org\/People\/Berners-Lee\/\" href=\"http:\/\/www.w3.org\/People\/Berners-Lee\/\" rel=\"noopener\">Tim Berners-Lee<\/a>, Director do W3C.  <\/p>\n","protected":false},"author":5,"featured_media":0,"comment_status":"open","ping_status":"open","sticky":false,"template":"","format":"standard","meta":{"footnotes":""},"categories":[],"tags":[],"class_list":["post-35622","post","type-post","status-publish","format-standard","hentry"],"acf":[],"_links":{"self":[{"href":"https:\/\/mancomun.gal\/es\/wp-json\/wp\/v2\/posts\/35622","targetHints":{"allow":["GET"]}}],"collection":[{"href":"https:\/\/mancomun.gal\/es\/wp-json\/wp\/v2\/posts"}],"about":[{"href":"https:\/\/mancomun.gal\/es\/wp-json\/wp\/v2\/types\/post"}],"author":[{"embeddable":true,"href":"https:\/\/mancomun.gal\/es\/wp-json\/wp\/v2\/users\/5"}],"replies":[{"embeddable":true,"href":"https:\/\/mancomun.gal\/es\/wp-json\/wp\/v2\/comments?post=35622"}],"version-history":[{"count":0,"href":"https:\/\/mancomun.gal\/es\/wp-json\/wp\/v2\/posts\/35622\/revisions"}],"wp:attachment":[{"href":"https:\/\/mancomun.gal\/es\/wp-json\/wp\/v2\/media?parent=35622"}],"wp:term":[{"taxonomy":"category","embeddable":true,"href":"https:\/\/mancomun.gal\/es\/wp-json\/wp\/v2\/categories?post=35622"},{"taxonomy":"post_tag","embeddable":true,"href":"https:\/\/mancomun.gal\/es\/wp-json\/wp\/v2\/tags?post=35622"}],"curies":[{"name":"wp","href":"https:\/\/api.w.org\/{rel}","templated":true}]}}