{"id":35627,"date":"2007-03-12T09:03:57","date_gmt":"2007-03-12T08:03:57","guid":{"rendered":"https:\/\/mancomun.gal\/todo-listo-para-a-guademy\/"},"modified":"2023-05-09T17:36:35","modified_gmt":"2023-05-09T15:36:35","slug":"todo-listo-para-a-guademy","status":"publish","type":"post","link":"https:\/\/mancomun.gal\/es\/todo-listo-para-a-guademy\/","title":{"rendered":"Todo listo para a GUADEMY"},"content":{"rendered":"<p align=\"justify\"><img loading=\"lazy\" decoding=\"async\" width=\"124\" vspace=\"0\" hspace=\"0\" height=\"124\" border=\"0\" align=\"right\" alt=\"http:\/\/www.mancomun.org\/images\/stories\/logogpul_sin_cuadro.jpg\" title=\"http:\/\/www.mancomun.org\/images\/stories\/logogpul_sin_cuadro.jpg\" src=\"https:\/\/mancomun.gal\/wp-content\/uploads\/2022\/09\/logogpul_sin_cuadro.jpg\" \/>Xa est\u00e1 todo listo para <a title=\"http:\/\/www.guademy.org\" target=\"_blank\" href=\"http:\/\/www.guademy.org\" rel=\"noopener\">GUADEMY<\/a> e podedes consultar o <a title=\"http:\/\/gpul.grupos.udc.es\/MaKaC\/conferenceTimeTable.py?confId=0\" target=\"_blank\" href=\"http:\/\/gpul.grupos.udc.es\/MaKaC\/conferenceTimeTable.py?confId=0\" rel=\"noopener\">programa desta primeira edici\u00f3n do primeiro HackMeeting sobre GNOME+KDE organizada por<\/a>  <a title=\"http:\/\/www.gpul.org\" target=\"_blank\" href=\"http:\/\/www.gpul.org\" rel=\"noopener\">GPUL<\/a>. O prazo de <a title=\"http:\/\/gpul.grupos.udc.es\/MaKaC\/confRegistrationFormDisplay.py\/display?confId=0\" target=\"_blank\" href=\"http:\/\/gpul.grupos.udc.es\/MaKaC\/confRegistrationFormDisplay.py\/display?confId=0\" rel=\"noopener\"> inscrici\u00f3n<\/a> a\u00ednda est\u00e1 aberto, as\u00ed que se estades interesados en compartir experiencias sobre o voso contorno de escritorio favorito vide por Coru\u00f1a do 23 ao 25 de marzo, consultade as posibilidades de <a title=\"http:\/\/www.guademy.org\/alojamiento.php?lang=es\" target=\"_blank\" href=\"http:\/\/www.guademy.org\/alojamiento.php?lang=es\" rel=\"noopener\">aloxamento gratu\u00edto<\/a>.<\/p>\n<p align=\"justify\"> KDE estar\u00e1 representado con Aaron Seigo, Larrosa, Astals e Rafael Fern\u00e1ndez, e por parte de GNOME contaremos con Rodrigo Moya, \u00c1lvaro del Castillo, \u00c1lvaro L\u00f3pez Ortega e Carlos Garnacho entre outros.<\/p>\n<p> Tocaranse dende as novidades de KDE4 a como programar para a plataforma Maemo de Nokia ademais de varios relatorios e obradoiros para formar aos novos desenvolvedores. O evento conta co patrocinio de <a target=\"_blank\" title=\"http:\/\/www.trolltech.com\" href=\"http:\/\/www.trolltech.com\" rel=\"noopener\">Trolltech<\/a> e <a target=\"_blank\" title=\"http:\/\/www.igalia.com\" href=\"http:\/\/www.igalia.com\" rel=\"noopener\">Igalia<\/a>.<\/p>\n<p><\/p>\n","protected":false},"excerpt":{"rendered":"<p align=\"justify\"><img loading=\"lazy\" decoding=\"async\" width=\"124\" vspace=\"0\" hspace=\"0\" height=\"124\" border=\"0\" align=\"right\" alt=\"http:\/\/www.mancomun.org\/images\/stories\/logogpul_sin_cuadro.jpg\" title=\"http:\/\/www.mancomun.org\/images\/stories\/logogpul_sin_cuadro.jpg\" src=\"https:\/\/www.mancomun.gal\/wp-content\/uploads\/uploads\/pics\/stories\/logogpul_sin_cuadro.jpg\" \/>Xa est\u00e1 todo listo para <a title=\"http:\/\/www.guademy.org\" target=\"_blank\" href=\"http:\/\/www.guademy.org\" rel=\"noopener\">GUADEMY<\/a> e podedes consultar o <a title=\"http:\/\/gpul.grupos.udc.es\/MaKaC\/conferenceTimeTable.py?confId=0\" target=\"_blank\" href=\"http:\/\/gpul.grupos.udc.es\/MaKaC\/conferenceTimeTable.py?confId=0\" rel=\"noopener\">programa desta primeira edici\u00f3n do primeiro HackMeeting sobre GNOME+KDE organizada por<\/a>  <a title=\"http:\/\/www.gpul.org\" target=\"_blank\" href=\"http:\/\/www.gpul.org\" rel=\"noopener\">GPUL<\/a>. O prazo de <a title=\"http:\/\/gpul.grupos.udc.es\/MaKaC\/confRegistrationFormDisplay.py\/display?confId=0\" target=\"_blank\" href=\"http:\/\/gpul.grupos.udc.es\/MaKaC\/confRegistrationFormDisplay.py\/display?confId=0\" rel=\"noopener\"> inscrici\u00f3n<\/a> a\u00ednda est\u00e1 aberto, as\u00ed que se estades interesados en compartir experiencias sobre o voso contorno de escritorio favorito vide por Coru\u00f1a do 23 ao 25 de marzo, consultade as posibilidades de <a title=\"http:\/\/www.guademy.org\/alojamiento.php?lang=es\" target=\"_blank\" href=\"http:\/\/www.guademy.org\/alojamiento.php?lang=es\" rel=\"noopener\">aloxamento gratu\u00edto<\/a>.<\/p>\n<p align=\"justify\"> KDE estar\u00e1 representado con Aaron Seigo, Larrosa, Astals e Rafael Fern\u00e1ndez, e por parte de GNOME contaremos con Rodrigo Moya, \u00c1lvaro del Castillo, \u00c1lvaro L\u00f3pez Ortega e Carlos Garnacho entre outros.<\/p>\n<p> Tocaranse dende as novidades de KDE4 a como programar para a plataforma Maemo de Nokia ademais de varios relatorios e obradoiros para formar aos novos desenvolvedores. O evento conta co patrocinio de <a target=\"_blank\" title=\"http:\/\/www.trolltech.com\" href=\"http:\/\/www.trolltech.com\" rel=\"noopener\">Trolltech<\/a> e <a target=\"_blank\" title=\"http:\/\/www.igalia.com\" href=\"http:\/\/www.igalia.com\" rel=\"noopener\">Igalia<\/a>.<\/p>\n","protected":false},"author":5,"featured_media":242,"comment_status":"open","ping_status":"open","sticky":false,"template":"","format":"standard","meta":{"footnotes":""},"categories":[],"tags":[],"class_list":["post-35627","post","type-post","status-publish","format-standard","has-post-thumbnail","hentry"],"acf":[],"_links":{"self":[{"href":"https:\/\/mancomun.gal\/es\/wp-json\/wp\/v2\/posts\/35627","targetHints":{"allow":["GET"]}}],"collection":[{"href":"https:\/\/mancomun.gal\/es\/wp-json\/wp\/v2\/posts"}],"about":[{"href":"https:\/\/mancomun.gal\/es\/wp-json\/wp\/v2\/types\/post"}],"author":[{"embeddable":true,"href":"https:\/\/mancomun.gal\/es\/wp-json\/wp\/v2\/users\/5"}],"replies":[{"embeddable":true,"href":"https:\/\/mancomun.gal\/es\/wp-json\/wp\/v2\/comments?post=35627"}],"version-history":[{"count":1,"href":"https:\/\/mancomun.gal\/es\/wp-json\/wp\/v2\/posts\/35627\/revisions"}],"predecessor-version":[{"id":35628,"href":"https:\/\/mancomun.gal\/es\/wp-json\/wp\/v2\/posts\/35627\/revisions\/35628"}],"wp:featuredmedia":[{"embeddable":true,"href":"https:\/\/mancomun.gal\/es\/wp-json\/wp\/v2\/media\/242"}],"wp:attachment":[{"href":"https:\/\/mancomun.gal\/es\/wp-json\/wp\/v2\/media?parent=35627"}],"wp:term":[{"taxonomy":"category","embeddable":true,"href":"https:\/\/mancomun.gal\/es\/wp-json\/wp\/v2\/categories?post=35627"},{"taxonomy":"post_tag","embeddable":true,"href":"https:\/\/mancomun.gal\/es\/wp-json\/wp\/v2\/tags?post=35627"}],"curies":[{"name":"wp","href":"https:\/\/api.w.org\/{rel}","templated":true}]}}