{"id":35632,"date":"2007-03-13T08:42:36","date_gmt":"2007-03-13T07:42:36","guid":{"rendered":"https:\/\/mancomun.gal\/o-parlamento-frances-elixe-ubuntu\/"},"modified":"2007-03-13T08:42:36","modified_gmt":"2007-03-13T07:42:36","slug":"o-parlamento-frances-elixe-ubuntu","status":"publish","type":"post","link":"https:\/\/mancomun.gal\/es\/o-parlamento-frances-elixe-ubuntu\/","title":{"rendered":"O parlamento Franc\u00e9s elixe Ubuntu."},"content":{"rendered":"<div align=\"justify\">O pasado mes de novembro falabamos que a <a title=\"http:\/\/www.mancomun.org\/index.php\/component\/option,com_content\/task,view\/id,670\/Itemid,2\/\" target=\"_blank\" href=\"index.php\/component\/option,com_content\/task,view\/id,670\/Itemid,2\/\" rel=\"noopener\">Asemblea Nacional Francesa<\/a>  (equivalente ao Congreso dos Deputados) decidiu empregar GNU\/Linux e ferramentas libres. Nesa ocasi\u00f3n non se sab\u00eda que distribuci\u00f3n Linux se empregar\u00eda para facer o cambio a Software Libre.  <\/div>\n<p align=\"justify\" style=\"margin-bottom: 0cm\">Definitivamente a distribuci\u00f3n ser\u00e1 [[Ubuntu]]. D\u00faas compa\u00f1\u00edas Linagora e Unilog, foron seleccionadas para proporcionar aos membros do Parlamento e aos  seus asistentes novos ordenadores con Software Libre.  <\/p>\n<div align=\"justify\">   <\/div>\n<p align=\"justify\" style=\"margin-bottom: 0cm\">Na pr\u00f3xima sesi\u00f3n o vindeiro mes de xu\u00f1o de 2007, os 1.154 ordenadores novos executar\u00e1n Ubuntu coma sistema operativo principal&#8230;<\/p>\n<p><\/p>\n<p align=\"justify\" style=\"margin-bottom: 0cm\">Fonte:<br \/><a title=\"http:\/\/linux.slashdot.org\/article.pl?sid=07\/03\/12\/0257212\" target=\"_blank\" href=\"http:\/\/linux.slashdot.org\/article.pl?sid=07\/03\/12\/0257212\" rel=\"noopener\">http:\/\/linux.slashdot.org\/article.pl?sid=07\/03\/12\/0257212<\/a> <\/p>\n","protected":false},"excerpt":{"rendered":"<div align=\"justify\">O pasado mes de novembro falabamos que a <a title=\"http:\/\/www.mancomun.org\/index.php\/component\/option,com_content\/task,view\/id,670\/Itemid,2\/\" target=\"_blank\" href=\"index.php\/component\/option,com_content\/task,view\/id,670\/Itemid,2\/\" rel=\"noopener\">Asemblea Nacional Francesa<\/a>  (equivalente ao Congreso dos Deputados) decidiu empregar GNU\/Linux e ferramentas libres. Nesa ocasi\u00f3n non se sab\u00eda que distribuci\u00f3n Linux se empregar\u00eda para facer o cambio a Software Libre.  <\/div>\n<p align=\"justify\" style=\"margin-bottom: 0cm\">Definitivamente a distribuci\u00f3n ser\u00e1 [[Ubuntu]]. D\u00faas compa\u00f1\u00edas Linagora e Unilog, foron seleccionadas para proporcionar aos membros do Parlamento e aos  seus asistentes novos ordenadores con Software Libre.  <\/p>\n<div align=\"justify\">   <\/div>\n<p align=\"justify\" style=\"margin-bottom: 0cm\">Na pr\u00f3xima sesi\u00f3n o vindeiro mes de xu\u00f1o de 2007, os 1.154 ordenadores novos executar\u00e1n Ubuntu coma sistema operativo principal&#8230;<\/p>\n","protected":false},"author":5,"featured_media":0,"comment_status":"open","ping_status":"open","sticky":false,"template":"","format":"standard","meta":{"footnotes":""},"categories":[],"tags":[],"class_list":["post-35632","post","type-post","status-publish","format-standard","hentry"],"acf":[],"_links":{"self":[{"href":"https:\/\/mancomun.gal\/es\/wp-json\/wp\/v2\/posts\/35632","targetHints":{"allow":["GET"]}}],"collection":[{"href":"https:\/\/mancomun.gal\/es\/wp-json\/wp\/v2\/posts"}],"about":[{"href":"https:\/\/mancomun.gal\/es\/wp-json\/wp\/v2\/types\/post"}],"author":[{"embeddable":true,"href":"https:\/\/mancomun.gal\/es\/wp-json\/wp\/v2\/users\/5"}],"replies":[{"embeddable":true,"href":"https:\/\/mancomun.gal\/es\/wp-json\/wp\/v2\/comments?post=35632"}],"version-history":[{"count":0,"href":"https:\/\/mancomun.gal\/es\/wp-json\/wp\/v2\/posts\/35632\/revisions"}],"wp:attachment":[{"href":"https:\/\/mancomun.gal\/es\/wp-json\/wp\/v2\/media?parent=35632"}],"wp:term":[{"taxonomy":"category","embeddable":true,"href":"https:\/\/mancomun.gal\/es\/wp-json\/wp\/v2\/categories?post=35632"},{"taxonomy":"post_tag","embeddable":true,"href":"https:\/\/mancomun.gal\/es\/wp-json\/wp\/v2\/tags?post=35632"}],"curies":[{"name":"wp","href":"https:\/\/api.w.org\/{rel}","templated":true}]}}