{"id":35635,"date":"2007-03-13T09:40:32","date_gmt":"2007-03-13T08:40:32","guid":{"rendered":"https:\/\/mancomun.gal\/openoffice-org-fai-presion-para-ser-preinstalado-nos-equipos-dell\/"},"modified":"2023-05-09T17:36:44","modified_gmt":"2023-05-09T15:36:44","slug":"openoffice-org-fai-presion-para-ser-preinstalado-nos-equipos-dell","status":"publish","type":"post","link":"https:\/\/mancomun.gal\/es\/openoffice-org-fai-presion-para-ser-preinstalado-nos-equipos-dell\/","title":{"rendered":"OpenOffice.org fai presi\u00f3n para ser preinstalado nos equipos DELL"},"content":{"rendered":"<p align=\"justify\"><img loading=\"lazy\" decoding=\"async\" width=\"115\" vspace=\"3\" hspace=\"3\" height=\"36\" border=\"0\" align=\"left\" title=\"OpenOffice.org\" alt=\"OpenOffice.org\" src=\"https:\/\/mancomun.gal\/wp-content\/uploads\/2022\/09\/ooo-main-logo-2col-trans.gif\" \/>Os responsables do <a target=\"_blank\" title=\"OpenOffice.org Project\" href=\"http:\/\/www.openoffice.org\/\" rel=\"noopener\">OpenOffice.org Project<\/a>  ve\u00f1en de mandar unha carta a Michael Dell para que o fabricante de computadores <a target=\"_blank\" title=\"DELL\" href=\"http:\/\/www1.euro.dell.com\/content\/default.aspx?c=es&#038;l=es&#038;s=gen\" rel=\"noopener\">DELL<\/a>  ofreza este conxunto de aplicaci\u00f3ns ofim\u00e1ticas preinstaladas no seu ordenador. Recentemente o l\u00edder mundial en venta de equipos inform\u00e1ticos abriu unha <a target=\"_blank\" title=\"IdeaStorm Dell\" href=\"http:\/\/www.dellideastorm.com\/\" rel=\"noopener\">web<\/a>  para co\u00f1ecer as preferencias dos usuarios. Coma resultado a este chamamento moitos usuarios pediron de xeito masivo ter Linux e OpenOffice.org preinstalado.<\/p>\n<p><\/p>\n<div align=\"justify\">A carta afirma que OpenOffice.org 2 ax\u00e9itase aos valores de Dell: un software de alta calidade que corre sobre todos os sistemas operativos e ofrece aos usuarios as funcionalidades ofim\u00e1ticas b\u00e1sicas m\u00e1is algunhas adicionais. Ademais pode ler e escribir nunha ampla variedade de formatos, inclu\u00edndo total compatibilidade con Microsoft e ao estar licenciado como software de c\u00f3digo aberto, representa un gran valor tanto para Dell como para os seus clientes.<\/div>\n<div align=\"justify\">\u00a0<\/div>\n<div align=\"justify\">DELL pretende certificar primeiro o seu Hardware e a partir de a\u00ed tomar unha decisi\u00f3n sobre o seu futuro. <\/div>\n","protected":false},"excerpt":{"rendered":"<p align=\"justify\"><img loading=\"lazy\" decoding=\"async\" width=\"115\" vspace=\"3\" hspace=\"3\" height=\"36\" border=\"0\" align=\"left\" title=\"OpenOffice.org\" alt=\"OpenOffice.org\" src=\"https:\/\/www.mancomun.gal\/wp-content\/uploads\/uploads\/pics\/stories\/ooo-main-logo-2col-trans.gif\" \/>Os responsables do <a target=\"_blank\" title=\"OpenOffice.org Project\" href=\"http:\/\/www.openoffice.org\/\" rel=\"noopener\">OpenOffice.org Project<\/a>  ve\u00f1en de mandar unha carta a Michael Dell para que o fabricante de computadores <a target=\"_blank\" title=\"DELL\" href=\"http:\/\/www1.euro.dell.com\/content\/default.aspx?c=es&#038;l=es&#038;s=gen\" rel=\"noopener\">DELL<\/a>  ofreza este conxunto de aplicaci\u00f3ns ofim\u00e1ticas preinstaladas no seu ordenador. Recentemente o l\u00edder mundial en venta de equipos inform\u00e1ticos abriu unha <a target=\"_blank\" title=\"IdeaStorm Dell\" href=\"http:\/\/www.dellideastorm.com\/\" rel=\"noopener\">web<\/a>  para co\u00f1ecer as preferencias dos usuarios. Coma resultado a este chamamento moitos usuarios pediron de xeito masivo ter Linux e OpenOffice.org preinstalado.<\/p>\n","protected":false},"author":5,"featured_media":224,"comment_status":"open","ping_status":"open","sticky":false,"template":"","format":"standard","meta":{"footnotes":""},"categories":[],"tags":[],"class_list":["post-35635","post","type-post","status-publish","format-standard","has-post-thumbnail","hentry"],"acf":[],"_links":{"self":[{"href":"https:\/\/mancomun.gal\/es\/wp-json\/wp\/v2\/posts\/35635","targetHints":{"allow":["GET"]}}],"collection":[{"href":"https:\/\/mancomun.gal\/es\/wp-json\/wp\/v2\/posts"}],"about":[{"href":"https:\/\/mancomun.gal\/es\/wp-json\/wp\/v2\/types\/post"}],"author":[{"embeddable":true,"href":"https:\/\/mancomun.gal\/es\/wp-json\/wp\/v2\/users\/5"}],"replies":[{"embeddable":true,"href":"https:\/\/mancomun.gal\/es\/wp-json\/wp\/v2\/comments?post=35635"}],"version-history":[{"count":1,"href":"https:\/\/mancomun.gal\/es\/wp-json\/wp\/v2\/posts\/35635\/revisions"}],"predecessor-version":[{"id":35636,"href":"https:\/\/mancomun.gal\/es\/wp-json\/wp\/v2\/posts\/35635\/revisions\/35636"}],"wp:featuredmedia":[{"embeddable":true,"href":"https:\/\/mancomun.gal\/es\/wp-json\/wp\/v2\/media\/224"}],"wp:attachment":[{"href":"https:\/\/mancomun.gal\/es\/wp-json\/wp\/v2\/media?parent=35635"}],"wp:term":[{"taxonomy":"category","embeddable":true,"href":"https:\/\/mancomun.gal\/es\/wp-json\/wp\/v2\/categories?post=35635"},{"taxonomy":"post_tag","embeddable":true,"href":"https:\/\/mancomun.gal\/es\/wp-json\/wp\/v2\/tags?post=35635"}],"curies":[{"name":"wp","href":"https:\/\/api.w.org\/{rel}","templated":true}]}}