{"id":35643,"date":"2007-03-14T11:41:35","date_gmt":"2007-03-14T10:41:35","guid":{"rendered":"https:\/\/mancomun.gal\/guadalinex-v4-rc1-xa-esta-disponible\/"},"modified":"2023-05-09T17:36:48","modified_gmt":"2023-05-09T15:36:48","slug":"guadalinex-v4-rc1-xa-esta-disponible","status":"publish","type":"post","link":"https:\/\/mancomun.gal\/es\/guadalinex-v4-rc1-xa-esta-disponible\/","title":{"rendered":"Guadalinex V4 RC1 xa est\u00e1 dispo\u00f1ible"},"content":{"rendered":"<p align=\"justify\" style=\"margin-bottom: 0cm\"><img loading=\"lazy\" decoding=\"async\" width=\"125\" vspace=\"5\" hspace=\"5\" height=\"77\" border=\"0\" align=\"right\" alt=\"http:\/\/www.mancomun.org\/images\/stories\/jda-marca_junta.gif\" title=\"http:\/\/www.mancomun.org\/images\/stories\/jda-marca_junta.gif\" src=\"https:\/\/mancomun.gal\/wp-content\/uploads\/2022\/09\/jda-marca_junta.gif\" \/>A distribuci\u00f3n que naceu da iniciativa da Junta de Andaluc\u00eda por optar polo Software Libre     anuncia que ten lista a versi\u00f3n candidata, denominada RC1, de Guadalinex V4.<\/p>\n<p> Incl\u00fae xa o aspecto final, moi diferente ao das anteriores betas.  M\u00e1is adiante complementar\u00e1n o fondo do escritorio cos ga\u00f1adores do actual <a target=\"_blank\" title=\"http:\/\/www.guadalinex.org\/concursos\/fondos\/\" href=\"http:\/\/www.guadalinex.org\/concursos\/fondos\/\" rel=\"noopener\">concurso de fondos<\/a>&#8230;<\/p>\n<p><\/p>\n<p align=\"justify\" style=\"margin-bottom: 0cm\"><a target=\"_blank\" title=\"http:\/\/www.guadalinex.org\/descargador\/index.php?nombre=guadalinex-v4-livecd-rc1-200703081558.iso\" href=\"http:\/\/www.guadalinex.org\/descargador\/index.php?nombre=guadalinex-v4-livecd-rc1-200703081558.iso\" rel=\"noopener\"><br \/>Descarga da versi\u00f3n live.<\/a> <\/p>\n<div align=\"justify\"> <\/div>\n<p align=\"justify\" style=\"margin-bottom: 0cm\"><a target=\"_blank\" title=\"http:\/\/www.guadalinex.org\/descargador\/index.php?nombre=guadalinex-v4-di-rc1-200703081524.iso\" href=\"http:\/\/www.guadalinex.org\/descargador\/index.php?nombre=guadalinex-v4-di-rc1-200703081524.iso\" rel=\"noopener\">Descarga da versi\u00f3n non live.<\/a> <\/p>\n","protected":false},"excerpt":{"rendered":"<p align=\"justify\" style=\"margin-bottom: 0cm\"><img loading=\"lazy\" decoding=\"async\" width=\"125\" vspace=\"5\" hspace=\"5\" height=\"77\" border=\"0\" align=\"right\" alt=\"http:\/\/www.mancomun.org\/images\/stories\/jda-marca_junta.gif\" title=\"http:\/\/www.mancomun.org\/images\/stories\/jda-marca_junta.gif\" src=\"https:\/\/www.mancomun.gal\/wp-content\/uploads\/uploads\/pics\/stories\/jda-marca_junta.gif\" \/>A distribuci\u00f3n que naceu da iniciativa da Junta de Andaluc\u00eda por optar polo Software Libre     anuncia que ten lista a versi\u00f3n candidata, denominada RC1, de Guadalinex V4.<\/p>\n<p> Incl\u00fae xa o aspecto final, moi diferente ao das anteriores betas.  M\u00e1is adiante complementar\u00e1n o fondo do escritorio cos ga\u00f1adores do actual <a target=\"_blank\" title=\"http:\/\/www.guadalinex.org\/concursos\/fondos\/\" href=\"http:\/\/www.guadalinex.org\/concursos\/fondos\/\" rel=\"noopener\">concurso de fondos<\/a>&#8230;<\/p>\n","protected":false},"author":5,"featured_media":638,"comment_status":"open","ping_status":"open","sticky":false,"template":"","format":"standard","meta":{"footnotes":""},"categories":[],"tags":[],"class_list":["post-35643","post","type-post","status-publish","format-standard","has-post-thumbnail","hentry"],"acf":[],"_links":{"self":[{"href":"https:\/\/mancomun.gal\/es\/wp-json\/wp\/v2\/posts\/35643","targetHints":{"allow":["GET"]}}],"collection":[{"href":"https:\/\/mancomun.gal\/es\/wp-json\/wp\/v2\/posts"}],"about":[{"href":"https:\/\/mancomun.gal\/es\/wp-json\/wp\/v2\/types\/post"}],"author":[{"embeddable":true,"href":"https:\/\/mancomun.gal\/es\/wp-json\/wp\/v2\/users\/5"}],"replies":[{"embeddable":true,"href":"https:\/\/mancomun.gal\/es\/wp-json\/wp\/v2\/comments?post=35643"}],"version-history":[{"count":1,"href":"https:\/\/mancomun.gal\/es\/wp-json\/wp\/v2\/posts\/35643\/revisions"}],"predecessor-version":[{"id":35644,"href":"https:\/\/mancomun.gal\/es\/wp-json\/wp\/v2\/posts\/35643\/revisions\/35644"}],"wp:featuredmedia":[{"embeddable":true,"href":"https:\/\/mancomun.gal\/es\/wp-json\/wp\/v2\/media\/638"}],"wp:attachment":[{"href":"https:\/\/mancomun.gal\/es\/wp-json\/wp\/v2\/media?parent=35643"}],"wp:term":[{"taxonomy":"category","embeddable":true,"href":"https:\/\/mancomun.gal\/es\/wp-json\/wp\/v2\/categories?post=35643"},{"taxonomy":"post_tag","embeddable":true,"href":"https:\/\/mancomun.gal\/es\/wp-json\/wp\/v2\/tags?post=35643"}],"curies":[{"name":"wp","href":"https:\/\/api.w.org\/{rel}","templated":true}]}}