{"id":35654,"date":"2007-03-16T08:37:43","date_gmt":"2007-03-16T07:37:43","guid":{"rendered":"https:\/\/mancomun.gal\/aberta-inscricion-das-v-xornadas-gnulinux-de-ordes\/"},"modified":"2023-05-09T17:36:56","modified_gmt":"2023-05-09T15:36:56","slug":"aberta-inscricion-das-v-xornadas-gnulinux-de-ordes","status":"publish","type":"post","link":"https:\/\/mancomun.gal\/es\/aberta-inscricion-das-v-xornadas-gnulinux-de-ordes\/","title":{"rendered":"Aberta inscrici\u00f3n das V Xornadas GNU\/Linux de Ordes"},"content":{"rendered":"<p align=\"justify\"><a title=\"http:\/\/www.inestable.org\/\" target=\"_blank\" href=\"http:\/\/www.inestable.org\/\" rel=\"noopener\"><img loading=\"lazy\" decoding=\"async\" width=\"213\" vspace=\"0\" hspace=\"5\" height=\"73\" border=\"0\" align=\"left\" alt=\"http:\/\/www.mancomun.org\/images\/stories\/inestable.png\" title=\"http:\/\/www.mancomun.org\/images\/stories\/inestable.png\" src=\"https:\/\/mancomun.gal\/wp-content\/uploads\/2022\/09\/inestable.png\" \/><\/a> Compr\u00e1cenos anunciar dende Inestable que os d\u00edas 5, 6 e 7 de abril de 2007 realizaremos as V Xornadas GNU\/Linux de Ordes. Xa est\u00e1 aberta a inscrici\u00f3n que custar\u00e1 5\u20ac, prezo que consideramos simb\u00f3lico para comprometer \u00e1 xente a vir e de paso colaborar na organizaci\u00f3n das Xornadas e incluir\u00e1 diversos agasallos para os asistentes. <\/p>\n<p align=\"justify\">O ciclo de conferencias ter\u00e1 lugar en Ordes (A Coru\u00f1a) nas aulas da academia Sistema (Praza de abastos, 14) e abarcar\u00e1 temas diversos e de diferentes niveis. <\/p>\n<p align=\"justify\">O programa provisional e a informaci\u00f3n necesaria para inscribirse poder\u00e9dela atopar na nosa web<\/p>\n<p align=\"justify\"> <a title=\"https:\/\/www.inestable.org\" href=\"https:\/\/www.inestable.org\/\">http:\/\/www.inestable.org<\/a> <\/p>\n<p align=\"justify\">Un sa\u00fado e esper\u00e1mosvos, seredes todos benvidos! <\/p>\n<p><\/p>\n","protected":false},"excerpt":{"rendered":"<p align=\"justify\"><a title=\"http:\/\/www.inestable.org\/\" target=\"_blank\" href=\"http:\/\/www.inestable.org\/\" rel=\"noopener\"><img loading=\"lazy\" decoding=\"async\" width=\"213\" vspace=\"0\" hspace=\"5\" height=\"73\" border=\"0\" align=\"left\" alt=\"http:\/\/www.mancomun.org\/images\/stories\/inestable.png\" title=\"http:\/\/www.mancomun.org\/images\/stories\/inestable.png\" src=\"https:\/\/www.mancomun.gal\/wp-content\/uploads\/uploads\/pics\/stories\/inestable.png\" \/><\/a> Compr\u00e1cenos anunciar dende Inestable que os d\u00edas 5, 6 e 7 de abril de 2007 realizaremos as V Xornadas GNU\/Linux de Ordes. Xa est\u00e1 aberta a inscrici\u00f3n que custar\u00e1 5\u20ac, prezo que consideramos simb\u00f3lico para comprometer \u00e1 xente a vir e de paso colaborar na organizaci\u00f3n das Xornadas e incluir\u00e1 diversos agasallos para os asistentes. <\/p>\n<p align=\"justify\">O ciclo de conferencias ter\u00e1 lugar en Ordes (A Coru\u00f1a) nas aulas da academia Sistema (Praza de abastos, 14) e abarcar\u00e1 temas diversos e de diferentes niveis. <\/p>\n<p align=\"justify\">O programa provisional e a informaci\u00f3n necesaria para inscribirse poder\u00e9dela atopar na nosa web<\/p>\n<p align=\"justify\"> <a title=\"https:\/\/www.inestable.org\" href=\"https:\/\/www.inestable.org\/\">http:\/\/www.inestable.org<\/a> <\/p>\n<p align=\"justify\">Un sa\u00fado e esper\u00e1mosvos, seredes todos benvidos! <\/p>\n","protected":false},"author":5,"featured_media":600,"comment_status":"open","ping_status":"open","sticky":false,"template":"","format":"standard","meta":{"footnotes":""},"categories":[],"tags":[],"class_list":["post-35654","post","type-post","status-publish","format-standard","has-post-thumbnail","hentry"],"acf":[],"_links":{"self":[{"href":"https:\/\/mancomun.gal\/es\/wp-json\/wp\/v2\/posts\/35654","targetHints":{"allow":["GET"]}}],"collection":[{"href":"https:\/\/mancomun.gal\/es\/wp-json\/wp\/v2\/posts"}],"about":[{"href":"https:\/\/mancomun.gal\/es\/wp-json\/wp\/v2\/types\/post"}],"author":[{"embeddable":true,"href":"https:\/\/mancomun.gal\/es\/wp-json\/wp\/v2\/users\/5"}],"replies":[{"embeddable":true,"href":"https:\/\/mancomun.gal\/es\/wp-json\/wp\/v2\/comments?post=35654"}],"version-history":[{"count":1,"href":"https:\/\/mancomun.gal\/es\/wp-json\/wp\/v2\/posts\/35654\/revisions"}],"predecessor-version":[{"id":35655,"href":"https:\/\/mancomun.gal\/es\/wp-json\/wp\/v2\/posts\/35654\/revisions\/35655"}],"wp:featuredmedia":[{"embeddable":true,"href":"https:\/\/mancomun.gal\/es\/wp-json\/wp\/v2\/media\/600"}],"wp:attachment":[{"href":"https:\/\/mancomun.gal\/es\/wp-json\/wp\/v2\/media?parent=35654"}],"wp:term":[{"taxonomy":"category","embeddable":true,"href":"https:\/\/mancomun.gal\/es\/wp-json\/wp\/v2\/categories?post=35654"},{"taxonomy":"post_tag","embeddable":true,"href":"https:\/\/mancomun.gal\/es\/wp-json\/wp\/v2\/tags?post=35654"}],"curies":[{"name":"wp","href":"https:\/\/api.w.org\/{rel}","templated":true}]}}