{"id":35661,"date":"2007-03-16T11:41:32","date_gmt":"2007-03-16T10:41:32","guid":{"rendered":"https:\/\/mancomun.gal\/o-concello-de-abegondo-presenta-o-seu-portal-web-baseado-en-tecnoloxias-libres\/"},"modified":"2007-03-16T11:41:32","modified_gmt":"2007-03-16T10:41:32","slug":"o-concello-de-abegondo-presenta-o-seu-portal-web-baseado-en-tecnoloxias-libres","status":"publish","type":"post","link":"https:\/\/mancomun.gal\/es\/o-concello-de-abegondo-presenta-o-seu-portal-web-baseado-en-tecnoloxias-libres\/","title":{"rendered":"O Concello de Abegondo presenta o seu portal web baseado en tecnolox\u00edas libres"},"content":{"rendered":"<div align=\"justify\">Hoxe pres\u00e9ntase en Abegondo o <a target=\"_blank\" title=\"Concello Abegondo\" href=\"http:\/\/abegondo.es\/\" rel=\"noopener\">novo portal oficial do concello<\/a>  desenvolvido baixo tecnolox\u00edas libres. O Concello de Abegondo est\u00e1 integrado na comunidade <a target=\"_blank\" title=\"PISTA Administraci\u00f3n Local\" href=\"http:\/\/www2.pistalocal.es\/index.php\/mod.menus\/mem.detalle\/idmenu.100\/chk.8b02505bb64d7848c43b61f4fb4ea8e2.html\" rel=\"noopener\">PISTA Administraci\u00f3n Local<\/a>, proxecto iniciativa do Ministerio de Industria, Turismo e Comercio en colaboraci\u00f3n co Ministerio de Administraci\u00f3ns P\u00fablicas que ten como obxectivo achegar a administraci\u00f3n electr\u00f3nica aos pequenos e medianos concellos en colaboraci\u00f3n coas entidades supramunicipais, potenciando o uso do software libre, o reaproveitamento de c\u00f3digo e o desenvolvemento colaborativo.<\/div>\n<div align=\"justify\">\u00a0<\/div>\n<p><\/p>\n<div align=\"justify\">O portal emprega a ferramenta PISTA Local +, froito da cesi\u00f3n de software da Deputaci\u00f3n Provincial de Huesca \u00e1 Federaci\u00f3n Espa\u00f1ola de Municipios e Provincias co obxectivo de ampliar as funcionalidades que ofertaba a anterior versi\u00f3n de PISTA Local. Para a implantaci\u00f3n o concello contou coa asistencia t\u00e9cnica da empresa coru\u00f1esa <a target=\"_blank\" title=\"Corunet\" href=\"http:\/\/www.corunet.com\" rel=\"noopener\">CORUNET<\/a> , que levou adiante o dese\u00f1o do sitio, a traduci\u00f3n da ferramenta ao galego, e a s\u00faa personalizaci\u00f3n e adaptaci\u00f3n \u00e1s necesidades espec\u00edficas do concello. T\u00f3dolos desenvolvementos, adaptaci\u00f3ns e melloras est\u00e1n \u00e1 disposici\u00f3n da comunidade do proxecto Pista Local no seu sitio web.<\/div>\n<div align=\"justify\">\u00a0<\/div>\n<div align=\"justify\">A web coida a accesibilidade e pode accederse a ela a trav\u00e9s de m\u00faltiples dispositivos coma tel\u00e9fonos m\u00f3biles ou PDA. Pretende ser un punto de encontro entre a cidadan\u00eda e a administraci\u00f3n local polo que conta cunha oficina virtual para potenciar a administraci\u00f3n electr\u00f3nica e permitir a realizaci\u00f3n de xesti\u00f3ns tales coma a petici\u00f3n do volante de empadroamento, pedir cita co alcalde ou inscribirse nas escolas municipais, culturais e deportivas. \u00a0<\/div>\n<div align=\"justify\">\u00a0<\/div>\n<div align=\"justify\">No financiamento deste portal participaron a Conseller\u00eda de Innovaci\u00f3n e Industria a trav\u00e9s da li\u00f1a de axudas para a creaci\u00f3n ou renovaci\u00f3n dos portais dos concellos galegos en internet, o Ministerio de Administraci\u00f3ns P\u00fablicas por medio dos Proxectos de Modernizaci\u00f3n Administrativa Local e o propio concello. A Deputaci\u00f3n da Coru\u00f1a colabora co aloxamento do sitio. <\/div>\n","protected":false},"excerpt":{"rendered":"<div align=\"justify\">Hoxe pres\u00e9ntase en Abegondo o <a target=\"_blank\" title=\"Concello Abegondo\" href=\"http:\/\/abegondo.es\/\" rel=\"noopener\">novo portal oficial do concello<\/a>  desenvolvido baixo tecnolox\u00edas libres. O Concello de Abegondo est\u00e1 integrado na comunidade <a target=\"_blank\" title=\"PISTA Administraci\u00f3n Local\" href=\"http:\/\/www2.pistalocal.es\/index.php\/mod.menus\/mem.detalle\/idmenu.100\/chk.8b02505bb64d7848c43b61f4fb4ea8e2.html\" rel=\"noopener\">PISTA Administraci\u00f3n Local<\/a>, proxecto iniciativa do Ministerio de Industria, Turismo e Comercio en colaboraci\u00f3n co Ministerio de Administraci\u00f3ns P\u00fablicas que ten como obxectivo achegar a administraci\u00f3n electr\u00f3nica aos pequenos e medianos concellos en colaboraci\u00f3n coas entidades supramunicipais, potenciando o uso do software libre, o reaproveitamento de c\u00f3digo e o desenvolvemento colaborativo.<\/div>\n<div align=\"justify\">\u00a0<\/div>\n","protected":false},"author":5,"featured_media":0,"comment_status":"open","ping_status":"open","sticky":false,"template":"","format":"standard","meta":{"footnotes":""},"categories":[],"tags":[],"class_list":["post-35661","post","type-post","status-publish","format-standard","hentry"],"acf":[],"_links":{"self":[{"href":"https:\/\/mancomun.gal\/es\/wp-json\/wp\/v2\/posts\/35661","targetHints":{"allow":["GET"]}}],"collection":[{"href":"https:\/\/mancomun.gal\/es\/wp-json\/wp\/v2\/posts"}],"about":[{"href":"https:\/\/mancomun.gal\/es\/wp-json\/wp\/v2\/types\/post"}],"author":[{"embeddable":true,"href":"https:\/\/mancomun.gal\/es\/wp-json\/wp\/v2\/users\/5"}],"replies":[{"embeddable":true,"href":"https:\/\/mancomun.gal\/es\/wp-json\/wp\/v2\/comments?post=35661"}],"version-history":[{"count":0,"href":"https:\/\/mancomun.gal\/es\/wp-json\/wp\/v2\/posts\/35661\/revisions"}],"wp:attachment":[{"href":"https:\/\/mancomun.gal\/es\/wp-json\/wp\/v2\/media?parent=35661"}],"wp:term":[{"taxonomy":"category","embeddable":true,"href":"https:\/\/mancomun.gal\/es\/wp-json\/wp\/v2\/categories?post=35661"},{"taxonomy":"post_tag","embeddable":true,"href":"https:\/\/mancomun.gal\/es\/wp-json\/wp\/v2\/tags?post=35661"}],"curies":[{"name":"wp","href":"https:\/\/api.w.org\/{rel}","templated":true}]}}