{"id":35662,"date":"2007-03-16T12:24:03","date_gmt":"2007-03-16T11:24:03","guid":{"rendered":"https:\/\/mancomun.gal\/almorzo-de-traballo-sobre-openbravo-e-ferramentas-de-xestion-empresarial-con-jordi-mas\/"},"modified":"2007-03-16T12:24:03","modified_gmt":"2007-03-16T11:24:03","slug":"almorzo-de-traballo-sobre-openbravo-e-ferramentas-de-xestion-empresarial-con-jordi-mas","status":"publish","type":"post","link":"https:\/\/mancomun.gal\/es\/almorzo-de-traballo-sobre-openbravo-e-ferramentas-de-xestion-empresarial-con-jordi-mas\/","title":{"rendered":"Almorzo de traballo sobre OpenBravo e ferramentas de xesti\u00f3n empresarial con Jordi Mas"},"content":{"rendered":"<div align=\"justify\">   \t \t \t \t \t \t \t \t \t<!-- \t\t@page { size: 21cm 29.7cm; margin: 2cm } \t\tP { margin-bottom: 0.21cm } \t--> \t    <\/div>\n<p align=\"justify\">Mancomun.org organiza un almorzo de traballo para o d\u00eda 30 de marzo sobre o ERP libre <a target=\"_blank\" title=\"OpenBravo\" href=\"http:\/\/www.openbravo.com\/index.php?&#038;lang=es_ES\" rel=\"noopener\">OpenBravo<\/a>  e outras ferramentas de xesti\u00f3n empresarial libres. Esta xornada dirixida a t\u00e9cnicos e empresarios vai contar coa presenza de Jordi M\u00e0s, Community Manager de OpenBravo, coordinador da comunidade de usuarios <a target=\"_blank\" title=\"Softcatal\u00e1\" href=\"http:\/\/www.softcatala.org\/\" rel=\"noopener\">Softcatal\u00e1<\/a>  e experto en Software Libre con ampla experiencia no sector. O evento ter\u00e1 lugar na sede da <a target=\"_blank\" title=\"Asociaci\u00f3n Empresarios Pol\u00edgono do Tambre\" href=\"http:\/\/www.poligonotambre.com\/\" rel=\"noopener\">Asociaci\u00f3n de Empresarios do Pol\u00edgono Industrial do Tambre en Santiago de Compostela<\/a>. <\/p>\n<p align=\"justify\">O obxectivo desta xuntanza \u00e9 reunir a un grupo reducido de empresas do sector TIC ao redor desta tem\u00e1tica para compartir co\u00f1ecemento e experiencias sobre este produto e o desenvolvemento de soluci\u00f3ns OpenSource para a PEME. Estar\u00e1 divida en tres sesi\u00f3ns:<\/p>\n<div align=\"justify\">    <\/div>\n<div align=\"justify\">  <\/div>\n<ul>\n<li><strong>11:00 &#8211; 12:00<\/strong> Sesi\u00f3n aberta: <strong>Presentaci\u00f3n de OpenBravo \u00e1s empresas<\/strong>.<\/li>\n<li><strong>12:00 &#8211; 14:00<\/strong> Sesi\u00f3n de traballo (inscrici\u00f3n gratu\u00edta con prazas limitadas para as empresas do sector TIC): <strong>Panel de debate<\/strong> coa presenza de Jordi Mas sobre <strong>oportunidades de negocio do Software Libre de xesti\u00f3n empresarial<\/strong>.<\/li>\n<li><strong>14:30 &#8211; 16:30<\/strong> Sesi\u00f3n aberta previa inscrici\u00f3n gratu\u00edta (exclu\u00eddo o importe da comida): <strong>Xantar de traballo<\/strong>.<\/li>\n<\/ul>\n<p><\/p>\n<div align=\"justify\">As empresas interesadas en participar no Panel de debate deben apuntarse o antes posible enviando un correo a <a title=\"mancomun@mancomun.org\" target=\"_blank\" href=\"https:\/\/www.mancomun.gal\/mailto:mancomun@mancomun.org*\" rel=\"noopener\">mancomun@mancomun.org<\/a>. A selecci\u00f3n farase por rigoroso orde de chegada. Este evento forma parte dos actos da Rede de Cooperaci\u00f3n Local do Concello de Santiago de Compostela e conta coa colaboraci\u00f3n do Concello e da Asociaci\u00f3n de Empresarios do Pol\u00edgono Industrial do Tambre.<\/div>\n","protected":false},"excerpt":{"rendered":"<div align=\"justify\">   \t \t \t \t \t \t \t \t \t<!-- \t\t@page { size: 21cm 29.7cm; margin: 2cm } \t\tP { margin-bottom: 0.21cm } \t--> \t    <\/div>\n<p align=\"justify\">Mancomun.org organiza un almorzo de traballo para o d\u00eda 30 de marzo sobre o ERP libre <a target=\"_blank\" title=\"OpenBravo\" href=\"http:\/\/www.openbravo.com\/index.php?&#038;lang=es_ES\" rel=\"noopener\">OpenBravo<\/a>  e outras ferramentas de xesti\u00f3n empresarial libres. Esta xornada dirixida a t\u00e9cnicos e empresarios vai contar coa presenza de Jordi M\u00e0s, Community Manager de OpenBravo, coordinador da comunidade de usuarios <a target=\"_blank\" title=\"Softcatal\u00e1\" href=\"http:\/\/www.softcatala.org\/\" rel=\"noopener\">Softcatal\u00e1<\/a>  e experto en Software Libre con ampla experiencia no sector. O evento ter\u00e1 lugar na sede da <a target=\"_blank\" title=\"Asociaci\u00f3n Empresarios Pol\u00edgono do Tambre\" href=\"http:\/\/www.poligonotambre.com\/\" rel=\"noopener\">Asociaci\u00f3n de Empresarios do Pol\u00edgono Industrial do Tambre en Santiago de Compostela<\/a>. <\/p>\n<p align=\"justify\">O obxectivo desta xuntanza \u00e9 reunir a un grupo reducido de empresas do sector TIC ao redor desta tem\u00e1tica para compartir co\u00f1ecemento e experiencias sobre este produto e o desenvolvemento de soluci\u00f3ns OpenSource para a PEME. Estar\u00e1 divida en tres sesi\u00f3ns:<\/p>\n<div align=\"justify\">    <\/div>\n<div align=\"justify\">  <\/div>\n<ul>\n<li><strong>11:00 &#8211; 12:00<\/strong> Sesi\u00f3n aberta: <strong>Presentaci\u00f3n de OpenBravo \u00e1s empresas<\/strong>.<\/li>\n<li><strong>12:00 &#8211; 14:00<\/strong> Sesi\u00f3n de traballo (inscrici\u00f3n gratu\u00edta con prazas limitadas para as empresas do sector TIC): <strong>Panel de debate<\/strong> coa presenza de Jordi Mas sobre <strong>oportunidades de negocio do Software Libre de xesti\u00f3n empresarial<\/strong>.<\/li>\n<li><strong>14:30 &#8211; 16:30<\/strong> Sesi\u00f3n aberta previa inscrici\u00f3n gratu\u00edta (exclu\u00eddo o importe da comida): <strong>Xantar de traballo<\/strong>.<\/li>\n<\/ul>\n","protected":false},"author":5,"featured_media":0,"comment_status":"open","ping_status":"open","sticky":false,"template":"","format":"standard","meta":{"footnotes":""},"categories":[],"tags":[],"class_list":["post-35662","post","type-post","status-publish","format-standard","hentry"],"acf":[],"_links":{"self":[{"href":"https:\/\/mancomun.gal\/es\/wp-json\/wp\/v2\/posts\/35662","targetHints":{"allow":["GET"]}}],"collection":[{"href":"https:\/\/mancomun.gal\/es\/wp-json\/wp\/v2\/posts"}],"about":[{"href":"https:\/\/mancomun.gal\/es\/wp-json\/wp\/v2\/types\/post"}],"author":[{"embeddable":true,"href":"https:\/\/mancomun.gal\/es\/wp-json\/wp\/v2\/users\/5"}],"replies":[{"embeddable":true,"href":"https:\/\/mancomun.gal\/es\/wp-json\/wp\/v2\/comments?post=35662"}],"version-history":[{"count":0,"href":"https:\/\/mancomun.gal\/es\/wp-json\/wp\/v2\/posts\/35662\/revisions"}],"wp:attachment":[{"href":"https:\/\/mancomun.gal\/es\/wp-json\/wp\/v2\/media?parent=35662"}],"wp:term":[{"taxonomy":"category","embeddable":true,"href":"https:\/\/mancomun.gal\/es\/wp-json\/wp\/v2\/categories?post=35662"},{"taxonomy":"post_tag","embeddable":true,"href":"https:\/\/mancomun.gal\/es\/wp-json\/wp\/v2\/tags?post=35662"}],"curies":[{"name":"wp","href":"https:\/\/api.w.org\/{rel}","templated":true}]}}