{"id":35666,"date":"2007-03-19T12:41:17","date_gmt":"2007-03-19T11:41:17","guid":{"rendered":"https:\/\/mancomun.gal\/igalia-patrocinara-o-programa-de-eventos-de-gpul-a-traves-dun-convenio-de-colaboracion\/"},"modified":"2023-05-09T17:37:04","modified_gmt":"2023-05-09T15:37:04","slug":"igalia-patrocinara-o-programa-de-eventos-de-gpul-a-traves-dun-convenio-de-colaboracion","status":"publish","type":"post","link":"https:\/\/mancomun.gal\/es\/igalia-patrocinara-o-programa-de-eventos-de-gpul-a-traves-dun-convenio-de-colaboracion\/","title":{"rendered":"Igalia patrocinar\u00e1 o programa de eventos de GPUL a trav\u00e9s dun convenio de colaboraci\u00f3n"},"content":{"rendered":"<p align=\"justify\"><img loading=\"lazy\" decoding=\"async\" width=\"73\" vspace=\"2\" hspace=\"2\" height=\"73\" border=\"0\" align=\"left\" title=\"GPUL\" alt=\"GPUL\" src=\"https:\/\/mancomun.gal\/wp-content\/uploads\/2022\/09\/logogpul_sin_cuadro.jpg\" \/>A Asociaci\u00f3n Universitaria Grupo de Programadores e Usuarios de Linux (<a title=\"GPUL\" target=\"_blank\" href=\"http:\/\/www.gpul.org\/\" rel=\"noopener\">GPUL<\/a>) e <a title=\"Igalia\" target=\"_blank\" href=\"http:\/\/www.igalia.com\/\" rel=\"noopener\">Igalia<\/a>, empresa coru\u00f1esa de enxe\u00f1er\u00eda inform\u00e1tica en Software Libre, anuncian a sinatura dun acordo de colaboraci\u00f3n polo cal Igalia patrocinar\u00e1 o programa de eventos do grupo de usuarios coru\u00f1\u00e9s durante o ano 2007.<\/p>\n<p><\/p>\n<p align=\"justify\">O programa de actividades incl\u00fae eventos de \u00e1mbito  estatal coma as reuni\u00f3ns <a title=\"Guademy\" target=\"_blank\" href=\"http:\/\/www.guademy.org\" rel=\"noopener\">GUADEMY<\/a> e <a title=\"DUDESConf\" target=\"_blank\" href=\"http:\/\/www.dudesconf.org\" rel=\"noopener\">DUDESConf<\/a>, as\u00ed como numerosas xornadas e obradoiros orientados a usuarios e programadores tanto da industria local como do \u00e1mbito universitario.<\/p>\n<div align=\"justify\">  <\/div>\n<p align=\"justify\">GPUL e Igalia consideran que a realizaci\u00f3n destas actividades contribuir\u00e1 significativamente a unha maior colaboraci\u00f3n entre importantes proxectos de Software Libre como <a title=\"GNOME\" target=\"_blank\" href=\"http:\/\/www.gnome.org\" rel=\"noopener\">GNOME<\/a>,  <a title=\"KDE\" target=\"_blank\" href=\"http:\/\/www.kde.org\" rel=\"noopener\">KDE<\/a> e  <a title=\"DEBIAN\" target=\"_blank\" href=\"http:\/\/www.debian.org\" rel=\"noopener\">Debian GNU\/Linux<\/a>.<\/p>\n<div align=\"justify\">  <\/div>\n<p align=\"justify\">Con respecto \u00e1s xuntanzas a nivel estatal:<\/p>\n<div align=\"justify\">\n<ul>\n<li> <a title=\"GUADEMY\" target=\"_blank\" href=\"https:\/\/www.mancomun.gal\/http\/www.guademy.org\" rel=\"noopener\">GUADEMY 2007<\/a>, do 23 ao 25 de marzo, \u00e9 unha reuni\u00f3n onde os desenvolvedores m\u00e1is importantes de GNOME e KDE en Espa\u00f1a compartir\u00e1n sesions de traballo con persoas interesadas en introducirse nestas comunidades.<\/li>\n<li> <a title=\"DudesConf 2007\" target=\"_blank\" href=\"http:\/\/www.dudesconf.org\" rel=\"noopener\">DudesConf 2007<\/a>, do 13 \u00f3 15 de abril, pretende xuntar aos colaboradores da distribuci\u00f3n Debian GNU\/Linux e derivadas nun entorno familiar e distendido, para fomentar a colaboraci\u00f3n e compartir o co\u00f1ecemento.<\/li>\n<\/ul><\/div>\n<p align=\"justify\">En relaci\u00f3n \u00e1s xornadas e obradoiros a un nivel m\u00e1is local, os eventos que se patrocinar\u00e1n (coa posibilidade dalg\u00fan engadido m\u00e1is adiante) ser\u00e1n:<\/p>\n<div align=\"justify\">\n<ul>\n<li> II Xornadas de Inform\u00e1tica Gr\u00e1fica e Software Libre.<\/li>\n<li> Xornada Software Libre na Empresa.<\/li>\n<li> VII Xornadas sobre Software Libre.<\/li>\n<li> IV Obradoiro de criptograf\u00eda, privacidade e seguridade.<\/li>\n<li> II Xornadas de tecnolox\u00edas web e Software Libre. <\/li>\n<li> Linux Picnic.<\/li>\n<\/ul>\n<\/div>\n","protected":false},"excerpt":{"rendered":"<p align=\"justify\"><img loading=\"lazy\" decoding=\"async\" width=\"73\" vspace=\"2\" hspace=\"2\" height=\"73\" border=\"0\" align=\"left\" title=\"GPUL\" alt=\"GPUL\" src=\"https:\/\/www.mancomun.gal\/wp-content\/uploads\/uploads\/pics\/stories\/logogpul_sin_cuadro.jpg\" \/>A Asociaci\u00f3n Universitaria Grupo de Programadores e Usuarios de Linux (<a title=\"GPUL\" target=\"_blank\" href=\"http:\/\/www.gpul.org\/\" rel=\"noopener\">GPUL<\/a>) e <a title=\"Igalia\" target=\"_blank\" href=\"http:\/\/www.igalia.com\/\" rel=\"noopener\">Igalia<\/a>, empresa coru\u00f1esa de enxe\u00f1er\u00eda inform\u00e1tica en Software Libre, anuncian a sinatura dun acordo de colaboraci\u00f3n polo cal Igalia patrocinar\u00e1 o programa de eventos do grupo de usuarios coru\u00f1\u00e9s durante o ano 2007.<\/p>\n","protected":false},"author":5,"featured_media":242,"comment_status":"open","ping_status":"open","sticky":false,"template":"","format":"standard","meta":{"footnotes":""},"categories":[],"tags":[],"class_list":["post-35666","post","type-post","status-publish","format-standard","has-post-thumbnail","hentry"],"acf":[],"_links":{"self":[{"href":"https:\/\/mancomun.gal\/es\/wp-json\/wp\/v2\/posts\/35666","targetHints":{"allow":["GET"]}}],"collection":[{"href":"https:\/\/mancomun.gal\/es\/wp-json\/wp\/v2\/posts"}],"about":[{"href":"https:\/\/mancomun.gal\/es\/wp-json\/wp\/v2\/types\/post"}],"author":[{"embeddable":true,"href":"https:\/\/mancomun.gal\/es\/wp-json\/wp\/v2\/users\/5"}],"replies":[{"embeddable":true,"href":"https:\/\/mancomun.gal\/es\/wp-json\/wp\/v2\/comments?post=35666"}],"version-history":[{"count":1,"href":"https:\/\/mancomun.gal\/es\/wp-json\/wp\/v2\/posts\/35666\/revisions"}],"predecessor-version":[{"id":35667,"href":"https:\/\/mancomun.gal\/es\/wp-json\/wp\/v2\/posts\/35666\/revisions\/35667"}],"wp:featuredmedia":[{"embeddable":true,"href":"https:\/\/mancomun.gal\/es\/wp-json\/wp\/v2\/media\/242"}],"wp:attachment":[{"href":"https:\/\/mancomun.gal\/es\/wp-json\/wp\/v2\/media?parent=35666"}],"wp:term":[{"taxonomy":"category","embeddable":true,"href":"https:\/\/mancomun.gal\/es\/wp-json\/wp\/v2\/categories?post=35666"},{"taxonomy":"post_tag","embeddable":true,"href":"https:\/\/mancomun.gal\/es\/wp-json\/wp\/v2\/tags?post=35666"}],"curies":[{"name":"wp","href":"https:\/\/api.w.org\/{rel}","templated":true}]}}