{"id":35670,"date":"2007-03-20T09:56:54","date_gmt":"2007-03-20T08:56:54","guid":{"rendered":"https:\/\/mancomun.gal\/disponibles-os-videos-e-presentacions-das-ii-xornadas-de-informatica-grafica-e-software-libre\/"},"modified":"2023-05-09T17:37:06","modified_gmt":"2023-05-09T15:37:06","slug":"disponibles-os-videos-e-presentacions-das-ii-xornadas-de-informatica-grafica-e-software-libre","status":"publish","type":"post","link":"https:\/\/mancomun.gal\/es\/disponibles-os-videos-e-presentacions-das-ii-xornadas-de-informatica-grafica-e-software-libre\/","title":{"rendered":"Dispo\u00f1ibles os v\u00eddeos e presentaci\u00f3ns das II Xornadas de Inform\u00e1tica Gr\u00e1fica e Software Libre"},"content":{"rendered":"<div align=\"justify\"><img loading=\"lazy\" decoding=\"async\" width=\"100\" vspace=\"5\" hspace=\"5\" height=\"100\" border=\"0\" align=\"left\" title=\"http:\/\/www.mancomun.org\/images\/stories\/logogpul_sin_cuadro.jpg\" alt=\"http:\/\/www.mancomun.org\/images\/stories\/logogpul_sin_cuadro.jpg\" src=\"https:\/\/mancomun.gal\/wp-content\/uploads\/2022\/09\/logogpul_sin_cuadro.jpg\" \/>Para todas aquelas persoas que non puideron asistir \u00e1s \u00ab<a target=\"_blank\" title=\"http:\/\/www.gpul.org\/infograf07\" href=\"http:\/\/www.gpul.org\/infograf07\" rel=\"noopener\">II Xornadas de Inform\u00e1tica Gr\u00e1fica e Software Libre\u00bb<\/a> que organizou GPUL. As xornadas tiveron lugar na Coru\u00f1a durante o 6 de marzo, e nelas participou xente tan importante coma Jacques Isaac, Director T\u00e9cnico de <a target=\"_blank\" title=\"http:\/\/www.bren.es \" href=\"http:\/\/www.bren.es\/\" rel=\"noopener\">Bren Entertainment.<\/a><\/div>\n<div align=\"justify\">\u00a0<\/div>\n<div align=\"justify\">Os v\u00eddeos foron realizados por Emilio J., o presidente de GPUL, e at\u00f3panse dispo\u00f1ibles na seguinte ligaz\u00f3n (xunto coa documentaci\u00f3n do curso):<\/div>\n<div align=\"justify\">\u00a0<\/div>\n<div align=\"justify\"><a title=\"http:\/\/www.gpul.org\/infograf07\/\" target=\"_blank\" href=\"http:\/\/www.gpul.org\/infograf07\/\" rel=\"noopener\">http:\/\/www.gpul.org\/infograf07\/<\/a>\u00a0<\/div>\n<p><\/p>\n<p>Fonte da nova:<br \/><a title=\"http:\/\/gpul.org\/node\/view\/441 \" target=\"_blank\" href=\"http:\/\/gpul.org\/node\/view\/441\" rel=\"noopener\">http:\/\/gpul.org\/node\/view\/441\u00a0<\/a> <\/p>\n","protected":false},"excerpt":{"rendered":"<div align=\"justify\"><img loading=\"lazy\" decoding=\"async\" width=\"100\" vspace=\"5\" hspace=\"5\" height=\"100\" border=\"0\" align=\"left\" title=\"http:\/\/www.mancomun.org\/images\/stories\/logogpul_sin_cuadro.jpg\" alt=\"http:\/\/www.mancomun.org\/images\/stories\/logogpul_sin_cuadro.jpg\" src=\"https:\/\/www.mancomun.gal\/wp-content\/uploads\/uploads\/pics\/stories\/logogpul_sin_cuadro.jpg\" \/>Para todas aquelas persoas que non puideron asistir \u00e1s \u00ab<a target=\"_blank\" title=\"http:\/\/www.gpul.org\/infograf07\" href=\"http:\/\/www.gpul.org\/infograf07\" rel=\"noopener\">II Xornadas de Inform\u00e1tica Gr\u00e1fica e Software Libre\u00bb<\/a> que organizou GPUL. As xornadas tiveron lugar na Coru\u00f1a durante o 6 de marzo, e nelas participou xente tan importante coma Jacques Isaac, Director T\u00e9cnico de <a target=\"_blank\" title=\"http:\/\/www.bren.es \" href=\"http:\/\/www.bren.es\/\" rel=\"noopener\">Bren Entertainment.<\/a><\/div>\n<div align=\"justify\">\u00a0<\/div>\n<div align=\"justify\">Os v\u00eddeos foron realizados por Emilio J., o presidente de GPUL, e at\u00f3panse dispo\u00f1ibles na seguinte ligaz\u00f3n (xunto coa documentaci\u00f3n do curso):<\/div>\n<div align=\"justify\">\u00a0<\/div>\n<div align=\"justify\"><a title=\"http:\/\/www.gpul.org\/infograf07\/\" target=\"_blank\" href=\"http:\/\/www.gpul.org\/infograf07\/\" rel=\"noopener\">http:\/\/www.gpul.org\/infograf07\/<\/a>\u00a0<\/div>\n","protected":false},"author":5,"featured_media":242,"comment_status":"open","ping_status":"open","sticky":false,"template":"","format":"standard","meta":{"footnotes":""},"categories":[],"tags":[],"class_list":["post-35670","post","type-post","status-publish","format-standard","has-post-thumbnail","hentry"],"acf":[],"_links":{"self":[{"href":"https:\/\/mancomun.gal\/es\/wp-json\/wp\/v2\/posts\/35670","targetHints":{"allow":["GET"]}}],"collection":[{"href":"https:\/\/mancomun.gal\/es\/wp-json\/wp\/v2\/posts"}],"about":[{"href":"https:\/\/mancomun.gal\/es\/wp-json\/wp\/v2\/types\/post"}],"author":[{"embeddable":true,"href":"https:\/\/mancomun.gal\/es\/wp-json\/wp\/v2\/users\/5"}],"replies":[{"embeddable":true,"href":"https:\/\/mancomun.gal\/es\/wp-json\/wp\/v2\/comments?post=35670"}],"version-history":[{"count":1,"href":"https:\/\/mancomun.gal\/es\/wp-json\/wp\/v2\/posts\/35670\/revisions"}],"predecessor-version":[{"id":35671,"href":"https:\/\/mancomun.gal\/es\/wp-json\/wp\/v2\/posts\/35670\/revisions\/35671"}],"wp:featuredmedia":[{"embeddable":true,"href":"https:\/\/mancomun.gal\/es\/wp-json\/wp\/v2\/media\/242"}],"wp:attachment":[{"href":"https:\/\/mancomun.gal\/es\/wp-json\/wp\/v2\/media?parent=35670"}],"wp:term":[{"taxonomy":"category","embeddable":true,"href":"https:\/\/mancomun.gal\/es\/wp-json\/wp\/v2\/categories?post=35670"},{"taxonomy":"post_tag","embeddable":true,"href":"https:\/\/mancomun.gal\/es\/wp-json\/wp\/v2\/tags?post=35670"}],"curies":[{"name":"wp","href":"https:\/\/api.w.org\/{rel}","templated":true}]}}