{"id":35674,"date":"2007-03-21T10:32:38","date_gmt":"2007-03-21T09:32:38","guid":{"rendered":"https:\/\/mancomun.gal\/software-libre-no-ambito-empresarial-e-na-innovacion-tecnoloxica\/"},"modified":"2007-03-21T10:32:38","modified_gmt":"2007-03-21T09:32:38","slug":"software-libre-no-ambito-empresarial-e-na-innovacion-tecnoloxica","status":"publish","type":"post","link":"https:\/\/mancomun.gal\/es\/software-libre-no-ambito-empresarial-e-na-innovacion-tecnoloxica\/","title":{"rendered":"Software libre no \u00e1mbito empresarial e na innovaci\u00f3n tecnol\u00f3xica"},"content":{"rendered":"<div align=\"justify\">O pr\u00f3ximo 23 de marzo celebrarase en Zaragoza a xornada <a target=\"_blank\" href=\"http:\/\/www.fundacionzcc.org\/\" rel=\"noopener\">Open Innovation<\/a>, un evento que servir\u00e1 de <font size=\"2\">punto de encontro entre empresas de capital risco e emprendedores<\/font><font size=\"2\"> e empresas de open source.<\/font><\/div>\n<p align=\"justify\">A iniciativa est\u00e1 dirixida ao \u00e1mbito empresarial e \u00e1 innovaci\u00f3n tecnol\u00f3xica co Software Libre de pano de fondo. O obxectivo deste evento \u00e9 o de establecer as pautas para a creaci\u00f3n e dinamizaci\u00f3n de comunidades a trav\u00e9s de relatorios pr\u00e1cticos ofrecidos por destacados expertos. <\/p>\n<p><\/p>\n<div align=\"justify\">O evento est\u00e1 organizado pola Fundaci\u00f3n Zaragoza Ciudad del Conocimiento coa colaboraci\u00f3n de Open Tuesday, Warp Networks e Gaceta Tecnol\u00f3gica.<\/div>\n<div align=\"justify\">\u00a0<\/div>\n<div align=\"justify\">Inscrici\u00f3n e informaci\u00f3n na <a target=\"_blank\" href=\"http:\/\/www.fundacionzcc.org\" rel=\"noopener\">Web da xornada<\/a>.\u00a0<\/div>\n","protected":false},"excerpt":{"rendered":"<div align=\"justify\">O pr\u00f3ximo 23 de marzo celebrarase en Zaragoza a xornada <a target=\"_blank\" href=\"http:\/\/www.fundacionzcc.org\/\" rel=\"noopener\">Open Innovation<\/a>, un evento que servir\u00e1 de <font size=\"2\">punto de encontro entre empresas de capital risco e emprendedores<\/font><font size=\"2\"> e empresas de open source.<\/font><\/div>\n<p align=\"justify\">A iniciativa est\u00e1 dirixida ao \u00e1mbito empresarial e \u00e1 innovaci\u00f3n tecnol\u00f3xica co Software Libre de pano de fondo. O obxectivo deste evento \u00e9 o de establecer as pautas para a creaci\u00f3n e dinamizaci\u00f3n de comunidades a trav\u00e9s de relatorios pr\u00e1cticos ofrecidos por destacados expertos. <\/p>\n","protected":false},"author":5,"featured_media":0,"comment_status":"open","ping_status":"open","sticky":false,"template":"","format":"standard","meta":{"footnotes":""},"categories":[],"tags":[],"class_list":["post-35674","post","type-post","status-publish","format-standard","hentry"],"acf":[],"_links":{"self":[{"href":"https:\/\/mancomun.gal\/es\/wp-json\/wp\/v2\/posts\/35674","targetHints":{"allow":["GET"]}}],"collection":[{"href":"https:\/\/mancomun.gal\/es\/wp-json\/wp\/v2\/posts"}],"about":[{"href":"https:\/\/mancomun.gal\/es\/wp-json\/wp\/v2\/types\/post"}],"author":[{"embeddable":true,"href":"https:\/\/mancomun.gal\/es\/wp-json\/wp\/v2\/users\/5"}],"replies":[{"embeddable":true,"href":"https:\/\/mancomun.gal\/es\/wp-json\/wp\/v2\/comments?post=35674"}],"version-history":[{"count":0,"href":"https:\/\/mancomun.gal\/es\/wp-json\/wp\/v2\/posts\/35674\/revisions"}],"wp:attachment":[{"href":"https:\/\/mancomun.gal\/es\/wp-json\/wp\/v2\/media?parent=35674"}],"wp:term":[{"taxonomy":"category","embeddable":true,"href":"https:\/\/mancomun.gal\/es\/wp-json\/wp\/v2\/categories?post=35674"},{"taxonomy":"post_tag","embeddable":true,"href":"https:\/\/mancomun.gal\/es\/wp-json\/wp\/v2\/tags?post=35674"}],"curies":[{"name":"wp","href":"https:\/\/api.w.org\/{rel}","templated":true}]}}