{"id":35682,"date":"2007-03-22T11:19:19","date_gmt":"2007-03-22T10:19:19","guid":{"rendered":"https:\/\/mancomun.gal\/o-concello-de-rianxo-impartira-un-curso-de-introducion-a-gnulinux\/"},"modified":"2023-05-09T17:37:12","modified_gmt":"2023-05-09T15:37:12","slug":"o-concello-de-rianxo-impartira-un-curso-de-introducion-a-gnulinux","status":"publish","type":"post","link":"https:\/\/mancomun.gal\/es\/o-concello-de-rianxo-impartira-un-curso-de-introducion-a-gnulinux\/","title":{"rendered":"O concello de Rianxo impartir\u00e1 un curso de introduci\u00f3n a GNU\/Linux"},"content":{"rendered":"<p align=\"justify\"><a target=\"_blank\" title=\"http:\/\/www.rianxo.com\" href=\"http:\/\/www.rianxo.com\" rel=\"noopener\"><img decoding=\"async\" vspace=\"5\" hspace=\"5\" border=\"0\" align=\"left\" alt=\"http:\/\/www.mancomun.org\/images\/stories\/rianxo.jpg\" title=\"http:\/\/www.mancomun.org\/images\/stories\/rianxo.jpg\" src=\"https:\/\/mancomun.gal\/wp-content\/uploads\/2022\/09\/rianxo.jpg\" \/><\/a> Co t\u00edtulo de \u00abLinux: a alternativa\u00bb, o concello de Rianxo impartir\u00e1 un curso de introduci\u00f3n ao sistema operativo GNU\/Linux orientado ao p\u00fablico en xeral pero cunhas horas de formaci\u00f3n espec\u00edfica para o persoal do concello.<\/p>\n<p><a title=\"http:\/\/www.mancomun.org\/index.php\/component\/option,com_extcalendar\/Itemid,99999999\/extmode,view\/extid,145\/\" href=\"index.php\/component\/option,com_extcalendar\/Itemid,99999999\/extmode,view\/extid,145\/\">O curso celebrarase os d\u00edas 2, 3 e 4 de abril<\/a>, e est\u00e1 destinado a persoas de todas as idades e que est\u00e1n iniciadas no mundo da inform\u00e1tica.<\/p>\n<div align=\"justify\">Para inscribirse hai que acercarse \u00e1 Casa da Cultura \u00abCuartel Vello\u00bb na Praza de Castelao de Rianxo, ou chamar aos seguintes tel\u00e9fonos: 981866663, 981866381 ou mandar unha mensaxe ao seguinte enderezo de correo: <a title=\"Inscrici\u00f3n concello rianxo gnu\/Linux\" target=\"_blank\" href=\"mailto:%20informatica@rianxo.com\" rel=\"noopener\">informatica@rianxo.com<\/a> &#8230;<\/div>\n<p><\/p>\n<p align=\"justify\">O curso est\u00e1 organizado por grupos, un grupo de 10:00 a 11:30 e outro de 12:00 a 13:30 e cada grupo poder\u00e1 estar formado por 10 persoas que usar\u00e1n os recursos do concello, m\u00e1is todas aquelas persoas que queiran asistir como o\u00edntes ou co seu port\u00e1til.<\/p>\n<p>Tam\u00e9n haber\u00e1 d\u00faas horas adicionais dos cursos orientadas exclusivamente \u00e1 formaci\u00f3n do persoal do concello.\u00a0<\/p>\n<p align=\"justify\">Os contidos do curso incl\u00faen:<\/p>\n<ul>\n<li>Introduci\u00f3n ao sistema operativo GNU\/Linux.<\/li>\n<li>Descarga, instalaci\u00f3n e configuraci\u00f3n. <\/li>\n<li>Aplicaci\u00f3ns: dese\u00f1o gr\u00e1fico, ofim\u00e1tica e multimedia.<\/li>\n<li>Contornas de escritorio 3D.<\/li>\n<li>Comunicaci\u00f3ns: rede e Internet, correo electr\u00f3nico, chat, mensaxer\u00eda&#8230;<\/li>\n<li>Xogos en rede. <\/li>\n<\/ul>\n<p align=\"justify\">M\u00e1is informaci\u00f3n na p\u00e1xina web do Concello de Rianxo:<br \/> <a title=\"http:\/\/www.rianxo.com\" target=\"_blank\" href=\"http:\/\/www.rianxo.com\" rel=\"noopener\">http:\/\/www.rianxo.com<\/a> <\/p>\n","protected":false},"excerpt":{"rendered":"<p align=\"justify\"><a target=\"_blank\" title=\"http:\/\/www.rianxo.com\" href=\"http:\/\/www.rianxo.com\" rel=\"noopener\"><img decoding=\"async\" vspace=\"5\" hspace=\"5\" border=\"0\" align=\"left\" alt=\"http:\/\/www.mancomun.org\/images\/stories\/rianxo.jpg\" title=\"http:\/\/www.mancomun.org\/images\/stories\/rianxo.jpg\" src=\"https:\/\/www.mancomun.gal\/wp-content\/uploads\/uploads\/pics\/stories\/rianxo.jpg\" \/><\/a> Co t\u00edtulo de \u00abLinux: a alternativa\u00bb, o concello de Rianxo impartir\u00e1 un curso de introduci\u00f3n ao sistema operativo GNU\/Linux orientado ao p\u00fablico en xeral pero cunhas horas de formaci\u00f3n espec\u00edfica para o persoal do concello.<\/p>\n<p><a title=\"http:\/\/www.mancomun.org\/index.php\/component\/option,com_extcalendar\/Itemid,99999999\/extmode,view\/extid,145\/\" href=\"index.php\/component\/option,com_extcalendar\/Itemid,99999999\/extmode,view\/extid,145\/\">O curso celebrarase os d\u00edas 2, 3 e 4 de abril<\/a>, e est\u00e1 destinado a persoas de todas as idades e que est\u00e1n iniciadas no mundo da inform\u00e1tica.<\/p>\n<div align=\"justify\">Para inscribirse hai que acercarse \u00e1 Casa da Cultura \u00abCuartel Vello\u00bb na Praza de Castelao de Rianxo, ou chamar aos seguintes tel\u00e9fonos: 981866663, 981866381 ou mandar unha mensaxe ao seguinte enderezo de correo: <a title=\"Inscrici\u00f3n concello rianxo gnu\/Linux\" target=\"_blank\" href=\"mailto:%20informatica@rianxo.com\" rel=\"noopener\">informatica@rianxo.com<\/a> &#8230;<\/div>\n","protected":false},"author":5,"featured_media":1534,"comment_status":"open","ping_status":"open","sticky":false,"template":"","format":"standard","meta":{"footnotes":""},"categories":[],"tags":[],"class_list":["post-35682","post","type-post","status-publish","format-standard","has-post-thumbnail","hentry"],"acf":[],"_links":{"self":[{"href":"https:\/\/mancomun.gal\/es\/wp-json\/wp\/v2\/posts\/35682","targetHints":{"allow":["GET"]}}],"collection":[{"href":"https:\/\/mancomun.gal\/es\/wp-json\/wp\/v2\/posts"}],"about":[{"href":"https:\/\/mancomun.gal\/es\/wp-json\/wp\/v2\/types\/post"}],"author":[{"embeddable":true,"href":"https:\/\/mancomun.gal\/es\/wp-json\/wp\/v2\/users\/5"}],"replies":[{"embeddable":true,"href":"https:\/\/mancomun.gal\/es\/wp-json\/wp\/v2\/comments?post=35682"}],"version-history":[{"count":1,"href":"https:\/\/mancomun.gal\/es\/wp-json\/wp\/v2\/posts\/35682\/revisions"}],"predecessor-version":[{"id":35683,"href":"https:\/\/mancomun.gal\/es\/wp-json\/wp\/v2\/posts\/35682\/revisions\/35683"}],"wp:featuredmedia":[{"embeddable":true,"href":"https:\/\/mancomun.gal\/es\/wp-json\/wp\/v2\/media\/1534"}],"wp:attachment":[{"href":"https:\/\/mancomun.gal\/es\/wp-json\/wp\/v2\/media?parent=35682"}],"wp:term":[{"taxonomy":"category","embeddable":true,"href":"https:\/\/mancomun.gal\/es\/wp-json\/wp\/v2\/categories?post=35682"},{"taxonomy":"post_tag","embeddable":true,"href":"https:\/\/mancomun.gal\/es\/wp-json\/wp\/v2\/tags?post=35682"}],"curies":[{"name":"wp","href":"https:\/\/api.w.org\/{rel}","templated":true}]}}