{"id":36178,"date":"2007-06-26T10:34:33","date_gmt":"2007-06-26T08:34:33","guid":{"rendered":"https:\/\/mancomun.gal\/obradoiro-de-iniciacion-a-ofimatica-en-software-libre-en-a-pobra-de-trives\/"},"modified":"2007-06-26T10:34:33","modified_gmt":"2007-06-26T08:34:33","slug":"obradoiro-de-iniciacion-a-ofimatica-en-software-libre-en-a-pobra-de-trives","status":"publish","type":"post","link":"https:\/\/mancomun.gal\/es\/obradoiro-de-iniciacion-a-ofimatica-en-software-libre-en-a-pobra-de-trives\/","title":{"rendered":"Obradoiro de iniciaci\u00f3n \u00e1 ofim\u00e1tica en Software Libre en A Pobra de Trives"},"content":{"rendered":"<p align=\"justify\">Acabamos de engadir outro evento \u00e1 nosa \u00abAxenda de eventos\u00bb. Desta vez tr\u00e1tase dun <a href=\"index.php?option=com_extcalendar&#038;Itemid=99999999&#038;extmode=view&#038;extid=182\" target=\"_blank\" title=\"http:\/\/www.mancomun.org\/index.php?option=com_extcalendar&#038;Itemid=99999999&#038;extmode=view&#038;extid=182\" rel=\"noopener\">obradoiro de iniciaci\u00f3n \u00e1 ofim\u00e1tica en Software Libre<\/a>  que se celebrar\u00e1 entre o pr\u00f3ximo 16 de xullo e o 3 de agosto. <\/p>\n<p align=\"justify\">O curso celebrarase no Centro Comarcal de Terras de Trives, e usarase como ferramenta ofim\u00e1tica o OpenOffice.org.<\/p>\n<p align=\"justify\">Os contidos do curso incluir\u00e1n:<\/p>\n<div align=\"justify\">\n<ul>\n<li>O espazo de traballo desta suite ofim\u00e1tica<\/li>\n<li>O procesador de textos \u00abWrite\u00bb<\/li>\n<li>A folla de c\u00e1lculo \u00abCalc\u00bb<\/li>\n<li>Presentaci\u00f3n multimedia con \u00abImpress\u00bb<\/li>\n<\/ul>\n<p>O prazo de inscrici\u00f3n estar\u00e1 aberto at\u00e9 o d\u00eda 10 de xullo e o obradoiro ten establecido un l\u00edmite de prazas de 15&#8230;\u00a0<\/p><\/div>\n<p><\/p>\n<div align=\"justify\"><\/div>\n<p>M\u00e1is informaci\u00f3n no evento completo da axenda:<br \/><a href=\"https:\/\/www.mancomun.gal\/index.php?option=com_extcalendar&#038;Itemid=37&#038;extmode=view&#038;extid=182\" target=\"_blank\" title=\"http:\/\/www.mancomun.org\/index.php?option=com_extcalendar&#038;Itemid=37&#038;extmode=view&#038;extid=182\" rel=\"noopener\">Axenda de eventos<\/a> <br \/>\u00a0<br \/>Podes atopar m\u00e1is informaci\u00f3n sobre estas actividades da Rede de dinamizaci\u00f3n na s\u00faa web:<br \/><a href=\"https:\/\/dinamiza.sociedadedainformacion.eu\" target=\"_blank\" title=\"https:\/\/dinamiza.sociedadedainformacion.eu\" rel=\"noopener\">https:\/\/dinamiza.sociedadedainformacion.eu<\/a><\/p>\n","protected":false},"excerpt":{"rendered":"<p align=\"justify\">Acabamos de engadir outro evento \u00e1 nosa \u00abAxenda de eventos\u00bb. Desta vez tr\u00e1tase dun <a href=\"index.php?option=com_extcalendar&#038;Itemid=99999999&#038;extmode=view&#038;extid=182\" target=\"_blank\" title=\"http:\/\/www.mancomun.org\/index.php?option=com_extcalendar&#038;Itemid=99999999&#038;extmode=view&#038;extid=182\" rel=\"noopener\">obradoiro de iniciaci\u00f3n \u00e1 ofim\u00e1tica en Software Libre<\/a>  que se celebrar\u00e1 entre o pr\u00f3ximo 16 de xullo e o 3 de agosto. <\/p>\n<p align=\"justify\">O curso celebrarase no Centro Comarcal de Terras de Trives, e usarase como ferramenta ofim\u00e1tica o OpenOffice.org.<\/p>\n<p align=\"justify\">Os contidos do curso incluir\u00e1n:<\/p>\n<div align=\"justify\">\n<ul>\n<li>O espazo de traballo desta suite ofim\u00e1tica<\/li>\n<li>O procesador de textos \u00abWrite\u00bb<\/li>\n<li>A folla de c\u00e1lculo \u00abCalc\u00bb<\/li>\n<li>Presentaci\u00f3n multimedia con \u00abImpress\u00bb<\/li>\n<\/ul>\n<p>O prazo de inscrici\u00f3n estar\u00e1 aberto at\u00e9 o d\u00eda 10 de xullo e o obradoiro ten establecido un l\u00edmite de prazas de 15&#8230;\u00a0<\/p><\/div>\n","protected":false},"author":5,"featured_media":0,"comment_status":"open","ping_status":"open","sticky":false,"template":"","format":"standard","meta":{"footnotes":""},"categories":[],"tags":[],"class_list":["post-36178","post","type-post","status-publish","format-standard","hentry"],"acf":[],"_links":{"self":[{"href":"https:\/\/mancomun.gal\/es\/wp-json\/wp\/v2\/posts\/36178","targetHints":{"allow":["GET"]}}],"collection":[{"href":"https:\/\/mancomun.gal\/es\/wp-json\/wp\/v2\/posts"}],"about":[{"href":"https:\/\/mancomun.gal\/es\/wp-json\/wp\/v2\/types\/post"}],"author":[{"embeddable":true,"href":"https:\/\/mancomun.gal\/es\/wp-json\/wp\/v2\/users\/5"}],"replies":[{"embeddable":true,"href":"https:\/\/mancomun.gal\/es\/wp-json\/wp\/v2\/comments?post=36178"}],"version-history":[{"count":0,"href":"https:\/\/mancomun.gal\/es\/wp-json\/wp\/v2\/posts\/36178\/revisions"}],"wp:attachment":[{"href":"https:\/\/mancomun.gal\/es\/wp-json\/wp\/v2\/media?parent=36178"}],"wp:term":[{"taxonomy":"category","embeddable":true,"href":"https:\/\/mancomun.gal\/es\/wp-json\/wp\/v2\/categories?post=36178"},{"taxonomy":"post_tag","embeddable":true,"href":"https:\/\/mancomun.gal\/es\/wp-json\/wp\/v2\/tags?post=36178"}],"curies":[{"name":"wp","href":"https:\/\/api.w.org\/{rel}","templated":true}]}}