{"id":36180,"date":"2007-06-26T11:19:32","date_gmt":"2007-06-26T09:19:32","guid":{"rendered":"https:\/\/mancomun.gal\/obradoiro-de-openoffice-org-en-verin\/"},"modified":"2007-06-26T11:19:32","modified_gmt":"2007-06-26T09:19:32","slug":"obradoiro-de-openoffice-org-en-verin","status":"publish","type":"post","link":"https:\/\/mancomun.gal\/es\/obradoiro-de-openoffice-org-en-verin\/","title":{"rendered":"Obradoiro de OpenOffice.org en Ver\u00edn"},"content":{"rendered":"<p align=\"justify\">Desde o d\u00eda 9 de xullo, a <a href=\"http:\/\/dinamiza.sociedadedainformacion.eu\" target=\"_blank\" title=\"Rede de dinamizaci\u00f3n\" rel=\"noopener\">Rede de Dinamizaci\u00f3n da Sociedade da Informaci\u00f3n<\/a>  en colaboraci\u00f3n co Concello de Ver\u00edn est\u00e1n organizando un obradoiro de [[OpenOffice.org]] Ver\u00edn.<\/p>\n<p align=\"justify\">O obradoiro ensinar\u00e1 ao alumnado o manexo b\u00e1sico do procesador de textos OpenOffice.org Writer, coma alternativa ao software propietario.\u00a0<\/p>\n<p align=\"justify\">O obradoiro ter\u00e1 unha duraci\u00f3n de 25 horas e est\u00e1 programado para empezar o 9 de xullo en horario de 16:30 a 18:30, e desenvolverase na Aula Multimedia da Casa da Xuventude, impartido polo dinamizador da Rede do concello de Ver\u00edn. O n\u00famero de prazas \u00e9 limitado polo que se cubrir\u00e1n por orde de inscrici\u00f3n&#8230;<\/p>\n<p><\/p>\n<p>Evento engadido \u00e1 \u00ab<a href=\"https:\/\/www.mancomun.gal\/index.php?option=com_extcalendar&#038;Itemid=37&#038;extmode=view&#038;extid=183\" title=\"http:\/\/www.mancomun.org\/index.php?option=com_extcalendar&#038;Itemid=37&#038;extmode=view&#038;extid=183\">Axenda de Eventos<\/a> \u00ab.\u00a0<\/p>\n<div align=\"justify\">M\u00e1is informaci\u00f3n na nova orixinal:<br \/><a href=\"https:\/\/dinamiza.sociedadedainformacion.eu\/web\/index.php?mod=noticias&#038;ide=75\" target=\"_blank\" title=\"https:\/\/dinamiza.sociedadedainformacion.eu\/web\/index.php?mod=noticias&#038;ide=75\" rel=\"noopener\">https:\/\/dinamiza.sociedadedainformacion.eu<\/a><\/div>\n","protected":false},"excerpt":{"rendered":"<p align=\"justify\">Desde o d\u00eda 9 de xullo, a <a href=\"http:\/\/dinamiza.sociedadedainformacion.eu\" target=\"_blank\" title=\"Rede de dinamizaci\u00f3n\" rel=\"noopener\">Rede de Dinamizaci\u00f3n da Sociedade da Informaci\u00f3n<\/a>  en colaboraci\u00f3n co Concello de Ver\u00edn est\u00e1n organizando un obradoiro de [[OpenOffice.org]] Ver\u00edn.<\/p>\n<p align=\"justify\">O obradoiro ensinar\u00e1 ao alumnado o manexo b\u00e1sico do procesador de textos OpenOffice.org Writer, coma alternativa ao software propietario.\u00a0<\/p>\n<p align=\"justify\">O obradoiro ter\u00e1 unha duraci\u00f3n de 25 horas e est\u00e1 programado para empezar o 9 de xullo en horario de 16:30 a 18:30, e desenvolverase na Aula Multimedia da Casa da Xuventude, impartido polo dinamizador da Rede do concello de Ver\u00edn. O n\u00famero de prazas \u00e9 limitado polo que se cubrir\u00e1n por orde de inscrici\u00f3n&#8230;<\/p>\n","protected":false},"author":5,"featured_media":0,"comment_status":"open","ping_status":"open","sticky":false,"template":"","format":"standard","meta":{"footnotes":""},"categories":[],"tags":[],"class_list":["post-36180","post","type-post","status-publish","format-standard","hentry"],"acf":[],"_links":{"self":[{"href":"https:\/\/mancomun.gal\/es\/wp-json\/wp\/v2\/posts\/36180","targetHints":{"allow":["GET"]}}],"collection":[{"href":"https:\/\/mancomun.gal\/es\/wp-json\/wp\/v2\/posts"}],"about":[{"href":"https:\/\/mancomun.gal\/es\/wp-json\/wp\/v2\/types\/post"}],"author":[{"embeddable":true,"href":"https:\/\/mancomun.gal\/es\/wp-json\/wp\/v2\/users\/5"}],"replies":[{"embeddable":true,"href":"https:\/\/mancomun.gal\/es\/wp-json\/wp\/v2\/comments?post=36180"}],"version-history":[{"count":0,"href":"https:\/\/mancomun.gal\/es\/wp-json\/wp\/v2\/posts\/36180\/revisions"}],"wp:attachment":[{"href":"https:\/\/mancomun.gal\/es\/wp-json\/wp\/v2\/media?parent=36180"}],"wp:term":[{"taxonomy":"category","embeddable":true,"href":"https:\/\/mancomun.gal\/es\/wp-json\/wp\/v2\/categories?post=36180"},{"taxonomy":"post_tag","embeddable":true,"href":"https:\/\/mancomun.gal\/es\/wp-json\/wp\/v2\/tags?post=36180"}],"curies":[{"name":"wp","href":"https:\/\/api.w.org\/{rel}","templated":true}]}}