{"id":36181,"date":"2007-06-26T11:40:57","date_gmt":"2007-06-26T09:40:57","guid":{"rendered":"https:\/\/mancomun.gal\/software-libre-no-concello-de-mugardos\/"},"modified":"2023-05-09T18:34:43","modified_gmt":"2023-05-09T16:34:43","slug":"software-libre-no-concello-de-mugardos","status":"publish","type":"post","link":"https:\/\/mancomun.gal\/es\/software-libre-no-concello-de-mugardos\/","title":{"rendered":"Software Libre no concello de Mugardos"},"content":{"rendered":"<p align=\"justify\"><a href=\"https:\/\/dinamiza.sociedadedainformacion.eu\/centros\/index.php?mod=not&#038;idc=19\" target=\"_blank\" title=\"https:\/\/dinamiza.sociedadedainformacion.eu\/centros\/index.php?mod=not&#038;idc=19\" rel=\"noopener\"><img loading=\"lazy\" decoding=\"async\" src=\"components\/com_extcalendar\/upload\/5e51_curso_paxinas_web.jpg\" border=\"0\" alt=\"http:\/\/www.mancomun.org\/components\/com_extcalendar\/upload\/5e51_curso_paxinas_web.jpg\" title=\"http:\/\/www.mancomun.org\/components\/com_extcalendar\/upload\/5e51_curso_paxinas_web.jpg\" hspace=\"8\" vspace=\"8\" width=\"130\" height=\"130\" align=\"left\" \/><\/a> <br \/>O concello de Mugardos e a Rede de Dinamizaci\u00f3n est\u00e1n facendo un gran traballo \u00e1 hora de promover o Software Libre entre os seus habitantes. As\u00ed temos que no concello de Mugardos est\u00e1 organizando\/organizou as seguintes actividades:\u00a0<\/p>\n<p align=\"justify\">\u00a0<\/p>\n<p align=\"justify\">\u00a0<\/p>\n<div align=\"justify\">\n<ul>\n<li><a href=\"https:\/\/dinamiza.sociedadedainformacion.eu\/centros\/index.php?mod=not&#038;idc=19&#038;ide=107\" target=\"_blank\" title=\"https:\/\/dinamiza.sociedadedainformacion.eu\/centros\/index.php?mod=not&#038;idc=19&#038;ide=107\" rel=\"noopener\">Curso de construci\u00f3n de p\u00e1xinas web<\/a>:<\/li>\n<ul>\n<li><em>O 25 de xu\u00f1o abriuse o prazo de inscrici\u00f3n para o curso de construci\u00f3n de p\u00e1xinas web no Concello de Mugardos.<\/em>\n<p>O Concello de Mugardos en colaboraci\u00f3n coa Rede de Dinamizaci\u00f3n, abre a inscrici\u00f3n para o curso de construci\u00f3n de p\u00e1xinas web, que conta cunha duraci\u00f3n de 40 horas. As ferramentas que se utilizar\u00e1n neste curso ser\u00e1n <strong>Software Libre<\/strong>.<\/p>\n<p>O prazo para dita inscrici\u00f3n ser\u00e1 at\u00e9 o 29 de xu\u00f1o, na Axencia de Desenvolvemento local do Concello de Mugardos, no 2\u00ba andar de dito concello.<\/p>\n<p>Para m\u00e1is informaci\u00f3n chamar ao tel\u00e9fono: 671693008.<br \/>&#8230;<\/p>\n<\/li>\n<\/ul>\n<\/ul>\n<\/div>\n<p><\/p>\n<p align=\"justify\">\u00a0<\/p>\n<blockquote>\n<blockquote>\n<p> Con esta actividade pret\u00e9ndese, por unha banda, diminu\u00edr a fenda dixital achegando a Sociedade da Informaci\u00f3n \u00e1 cidadan\u00eda a trav\u00e9s de ferramentas de Software Libre en galego. <\/p>\n<\/blockquote>\n<\/blockquote>\n<blockquote>\n<blockquote>\n<p>Por outra banda, pret\u00e9ndese mellorar os par\u00e1metros produtivos e sociais das empresas galegas introducindo e afondando no uso das ferramentas de Software Libre m\u00e1is implantadas e complement\u00e1ndose coa formaci\u00f3n en \u00e1reas menos desenvolvidas, pero de interese estrat\u00e9xico para a mellora da s\u00faa competitividade.<\/p>\n<\/blockquote>\n<\/blockquote>\n<ul>\n<li><a href=\"https:\/\/dinamiza.sociedadedainformacion.eu\/centros\/index.php?mod=not&#038;idc=19&#038;ide=49\" target=\"_blank\" title=\"https:\/\/dinamiza.sociedadedainformacion.eu\/centros\/index.php?mod=not&#038;idc=19&#038;ide=49\" rel=\"noopener\">Cursos de formaci\u00f3n espec\u00edfica<\/a>:<\/li>\n<ul>\n<li><em>Cursos de formaci\u00f3n espec\u00edfica realizados pola Consellar\u00eda de Innovaci\u00f3n e Industria,o CESGA e o Concello de Mugardos. <\/em>\n<p>Desde o 28 de maio at\u00e9 o 11 de xu\u00f1o, p\u00f3dense anotar a ditos cursos de formaci\u00f3n espec\u00edfica. Unha vintena de cursos, de curta duraci\u00f3n, onde se traballar\u00e1 con ferramentas libres as\u00ed como co Software Libre en concreto. <\/p>\n<\/li>\n<\/ul>\n<\/ul>\n<div align=\"justify\">\n<ul>\n<li>                   <a href=\"https:\/\/dinamiza.sociedadedainformacion.eu\/centros\/index.php?mod=not&#038;idc=19&#038;ide=50\" target=\"_blank\" title=\"https:\/\/dinamiza.sociedadedainformacion.eu\/centros\/index.php?mod=not&#038;idc=19&#038;ide=50\" rel=\"noopener\">Ubuntu na aula Francisco Vizoso<\/a>:<\/li>\n<ul>\n<li>\n<p>O pasado d\u00eda 23 de maio, na aula de formaci\u00f3n Francisco Vizoso da parroquia de Franza no Concello de Mugardos, realizouse a partici\u00f3n do Linux\/Windows. A distribuci\u00f3n instalada foi Ubuntu.<\/p>\n<p>Con isto pret\u00e9ndese achegar o Software Libre \u00e1 poboaci\u00f3n, que co\u00f1ezan o seu uso, as s\u00faas vantaxes e abrirse un novo campo no mundo nas novas tecnolox\u00edas.<\/p>\n<\/li>\n<\/ul>\n<\/ul>\n<\/div>\n<div align=\"justify\">\u00a0<\/div>\n<div align=\"justify\">Engadido \u00e1 \u00ab<a href=\"https:\/\/www.mancomun.gal\/index.php?option=com_extcalendar&#038;Itemid=37&#038;extmode=view&#038;extid=184\" target=\"_blank\" title=\"http:\/\/www.mancomun.org\/index.php?option=com_extcalendar&#038;Itemid=37&#038;extmode=view&#038;extid=184\" rel=\"noopener\">Axenda de eventos<\/a>\u00ab.\u00a0<\/div>\n<div align=\"justify\">\u00a0<\/div>\n<div align=\"justify\">M\u00e1is informaci\u00f3n na p\u00e1xina:<br \/><a href=\"https:\/\/dinamiza.sociedadedainformacion.eu\" target=\"_blank\" title=\"https:\/\/dinamiza.sociedadedainformacion.eu\" rel=\"noopener\">https:\/\/dinamiza.sociedadedainformacion.eu<\/a> \u00a0<\/div>\n","protected":false},"excerpt":{"rendered":"<p align=\"justify\"><a href=\"https:\/\/dinamiza.sociedadedainformacion.eu\/centros\/index.php?mod=not&#038;idc=19\" target=\"_blank\" title=\"https:\/\/dinamiza.sociedadedainformacion.eu\/centros\/index.php?mod=not&#038;idc=19\" rel=\"noopener\"><img loading=\"lazy\" decoding=\"async\" src=\"components\/com_extcalendar\/upload\/5e51_curso_paxinas_web.jpg\" border=\"0\" alt=\"http:\/\/www.mancomun.org\/components\/com_extcalendar\/upload\/5e51_curso_paxinas_web.jpg\" title=\"http:\/\/www.mancomun.org\/components\/com_extcalendar\/upload\/5e51_curso_paxinas_web.jpg\" hspace=\"8\" vspace=\"8\" width=\"130\" height=\"130\" align=\"left\" \/><\/a> <br \/>O concello de Mugardos e a Rede de Dinamizaci\u00f3n est\u00e1n facendo un gran traballo \u00e1 hora de promover o Software Libre entre os seus habitantes. As\u00ed temos que no concello de Mugardos est\u00e1 organizando\/organizou as seguintes actividades:\u00a0<\/p>\n<p align=\"justify\">\u00a0<\/p>\n<p align=\"justify\">\u00a0<\/p>\n<div align=\"justify\">\n<ul>\n<li><a href=\"https:\/\/dinamiza.sociedadedainformacion.eu\/centros\/index.php?mod=not&#038;idc=19&#038;ide=107\" target=\"_blank\" title=\"https:\/\/dinamiza.sociedadedainformacion.eu\/centros\/index.php?mod=not&#038;idc=19&#038;ide=107\" rel=\"noopener\">Curso de construci\u00f3n de p\u00e1xinas web<\/a>:<\/li>\n<ul>\n<li><em>O 25 de xu\u00f1o abriuse o prazo de inscrici\u00f3n para o curso de construci\u00f3n de p\u00e1xinas web no Concello de Mugardos.<\/em>\n<p>O Concello de Mugardos en colaboraci\u00f3n coa Rede de Dinamizaci\u00f3n, abre a inscrici\u00f3n para o curso de construci\u00f3n de p\u00e1xinas web, que conta cunha duraci\u00f3n de 40 horas. As ferramentas que se utilizar\u00e1n neste curso ser\u00e1n <strong>Software Libre<\/strong>.<\/p>\n<p>O prazo para dita inscrici\u00f3n ser\u00e1 at\u00e9 o 29 de xu\u00f1o, na Axencia de Desenvolvemento local do Concello de Mugardos, no 2\u00ba andar de dito concello.<\/p>\n<p>Para m\u00e1is informaci\u00f3n chamar ao tel\u00e9fono: 671693008.<br \/>&#8230;<\/p>\n<\/li>\n<\/ul>\n<\/ul>\n<\/div>\n","protected":false},"author":5,"featured_media":0,"comment_status":"open","ping_status":"open","sticky":false,"template":"","format":"standard","meta":{"footnotes":""},"categories":[],"tags":[],"class_list":["post-36181","post","type-post","status-publish","format-standard","hentry"],"acf":[],"_links":{"self":[{"href":"https:\/\/mancomun.gal\/es\/wp-json\/wp\/v2\/posts\/36181","targetHints":{"allow":["GET"]}}],"collection":[{"href":"https:\/\/mancomun.gal\/es\/wp-json\/wp\/v2\/posts"}],"about":[{"href":"https:\/\/mancomun.gal\/es\/wp-json\/wp\/v2\/types\/post"}],"author":[{"embeddable":true,"href":"https:\/\/mancomun.gal\/es\/wp-json\/wp\/v2\/users\/5"}],"replies":[{"embeddable":true,"href":"https:\/\/mancomun.gal\/es\/wp-json\/wp\/v2\/comments?post=36181"}],"version-history":[{"count":1,"href":"https:\/\/mancomun.gal\/es\/wp-json\/wp\/v2\/posts\/36181\/revisions"}],"predecessor-version":[{"id":36182,"href":"https:\/\/mancomun.gal\/es\/wp-json\/wp\/v2\/posts\/36181\/revisions\/36182"}],"wp:attachment":[{"href":"https:\/\/mancomun.gal\/es\/wp-json\/wp\/v2\/media?parent=36181"}],"wp:term":[{"taxonomy":"category","embeddable":true,"href":"https:\/\/mancomun.gal\/es\/wp-json\/wp\/v2\/categories?post=36181"},{"taxonomy":"post_tag","embeddable":true,"href":"https:\/\/mancomun.gal\/es\/wp-json\/wp\/v2\/tags?post=36181"}],"curies":[{"name":"wp","href":"https:\/\/api.w.org\/{rel}","templated":true}]}}