{"id":36196,"date":"2007-06-28T01:00:00","date_gmt":"2007-06-27T23:00:00","guid":{"rendered":"https:\/\/mancomun.gal\/o-ncc-de-madrigalejo-organiza-un-concurso-de-curtametraxes-baixosoftware-libre\/"},"modified":"2007-06-28T01:00:00","modified_gmt":"2007-06-27T23:00:00","slug":"o-ncc-de-madrigalejo-organiza-un-concurso-de-curtametraxes-baixosoftware-libre","status":"publish","type":"post","link":"https:\/\/mancomun.gal\/es\/o-ncc-de-madrigalejo-organiza-un-concurso-de-curtametraxes-baixosoftware-libre\/","title":{"rendered":"O NCC de Madrigalejo organiza un concurso de curtametraxes baixoSoftware Libre"},"content":{"rendered":"<p align=\"justify\">O \u00abNovo Centro do Co\u00f1ecemento\u00bb (NCC) de Madrigalejo (C\u00e1ceres), en colaboraci\u00f3n co concello desta localidade e a sua \u00abUniversidade Popular\u00bb, organizan durante a segunda quincena de xu\u00f1o unha proxecci\u00f3n e un posterior concurso de curtametraxes co tema central \u00abMadrigalejo, su historia y sus gentes\u00bb, a\u00ednda que tam\u00e9n se permite a imaxinaci\u00f3n e a ficci\u00f3n nas creaci\u00f3ns.<\/p>\n<div align=\"justify\">  <\/div>\n<p align=\"justify\">Para a realizaci\u00f3n destas curtas, o NCC impartir\u00e1 uns obradoiros, a partir do d\u00eda 26 de xu\u00f1o, en que se lles <em>aprender\u00e1 \u00e1s persoas participantes manexar as aplicaci\u00f3ns de GNU\/LinEx<\/em> para <em>a edici\u00f3n de v\u00eddeo<\/em> e tam\u00e9n se  amosar\u00e1n as vantaxes do <strong>Software Libre como requisito imprescindible para a elaboraci\u00f3n destes traballos<\/strong>&#8230;<\/p>\n<p><\/p>\n<p align=\"justify\"> Ademais, este requisito tam\u00e9n afecta \u00e1 m\u00fasica que se empregue, que s\u00f3 poder\u00e1 ser aquela que estea baixo a licenza  \u00ab[[Creative Commons]]\u00bb.<\/p>\n<div align=\"justify\">  <\/div>\n<p align=\"justify\">O ga\u00f1ador do concurso elixirase por votaci\u00f3n a trav\u00e9s da rede. O enderezo para as votaci\u00f3ns e onde se dar\u00e1 a co\u00f1ecer o ga\u00f1ador o vindeiro 18 de xullo \u00e9 o seguinte:<br \/><a href=\"http:\/\/www.nccextremadura.org\/eventos2007\/madrigalejoencorto\" target=\"_blank\" title=\"http:\/\/www.nccextremadura.org\/eventos2007\/madrigalejoencorto\" rel=\"noopener\"> http:\/\/www.nccextremadura.org\/eventos2007\/madrigalejoencorto<\/a><\/p>\n<p align=\"justify\">\u00a0<\/p>\n<div align=\"justify\">    Fonte: <a href=\"http:\/\/www.laflecha.net\/canales\/softlibre\/noticias\/el-ncc-de-madrigalejo-organiza-un-concurso-de-cortos-bajo-software-libre?from=rss\"><br \/>La flecha<\/a> <\/div>\n","protected":false},"excerpt":{"rendered":"<p align=\"justify\">O \u00abNovo Centro do Co\u00f1ecemento\u00bb (NCC) de Madrigalejo (C\u00e1ceres), en colaboraci\u00f3n co concello desta localidade e a sua \u00abUniversidade Popular\u00bb, organizan durante a segunda quincena de xu\u00f1o unha proxecci\u00f3n e un posterior concurso de curtametraxes co tema central \u00abMadrigalejo, su historia y sus gentes\u00bb, a\u00ednda que tam\u00e9n se permite a imaxinaci\u00f3n e a ficci\u00f3n nas creaci\u00f3ns.<\/p>\n<div align=\"justify\">  <\/div>\n<p align=\"justify\">Para a realizaci\u00f3n destas curtas, o NCC impartir\u00e1 uns obradoiros, a partir do d\u00eda 26 de xu\u00f1o, en que se lles <em>aprender\u00e1 \u00e1s persoas participantes manexar as aplicaci\u00f3ns de GNU\/LinEx<\/em> para <em>a edici\u00f3n de v\u00eddeo<\/em> e tam\u00e9n se  amosar\u00e1n as vantaxes do <strong>Software Libre como requisito imprescindible para a elaboraci\u00f3n destes traballos<\/strong>&#8230;<\/p>\n","protected":false},"author":5,"featured_media":0,"comment_status":"open","ping_status":"open","sticky":false,"template":"","format":"standard","meta":{"footnotes":""},"categories":[],"tags":[],"class_list":["post-36196","post","type-post","status-publish","format-standard","hentry"],"acf":[],"_links":{"self":[{"href":"https:\/\/mancomun.gal\/es\/wp-json\/wp\/v2\/posts\/36196","targetHints":{"allow":["GET"]}}],"collection":[{"href":"https:\/\/mancomun.gal\/es\/wp-json\/wp\/v2\/posts"}],"about":[{"href":"https:\/\/mancomun.gal\/es\/wp-json\/wp\/v2\/types\/post"}],"author":[{"embeddable":true,"href":"https:\/\/mancomun.gal\/es\/wp-json\/wp\/v2\/users\/5"}],"replies":[{"embeddable":true,"href":"https:\/\/mancomun.gal\/es\/wp-json\/wp\/v2\/comments?post=36196"}],"version-history":[{"count":0,"href":"https:\/\/mancomun.gal\/es\/wp-json\/wp\/v2\/posts\/36196\/revisions"}],"wp:attachment":[{"href":"https:\/\/mancomun.gal\/es\/wp-json\/wp\/v2\/media?parent=36196"}],"wp:term":[{"taxonomy":"category","embeddable":true,"href":"https:\/\/mancomun.gal\/es\/wp-json\/wp\/v2\/categories?post=36196"},{"taxonomy":"post_tag","embeddable":true,"href":"https:\/\/mancomun.gal\/es\/wp-json\/wp\/v2\/tags?post=36196"}],"curies":[{"name":"wp","href":"https:\/\/api.w.org\/{rel}","templated":true}]}}