{"id":36199,"date":"2007-06-28T01:00:00","date_gmt":"2007-06-27T23:00:00","guid":{"rendered":"https:\/\/mancomun.gal\/a-generalitat-valenciana-actualizara-a-sua-distribucion-educativa-lliurex\/"},"modified":"2007-06-28T01:00:00","modified_gmt":"2007-06-27T23:00:00","slug":"a-generalitat-valenciana-actualizara-a-sua-distribucion-educativa-lliurex","status":"publish","type":"post","link":"https:\/\/mancomun.gal\/es\/a-generalitat-valenciana-actualizara-a-sua-distribucion-educativa-lliurex\/","title":{"rendered":"A Generalitat Valenciana actualizar\u00e1 a s\u00faa distribuci\u00f3n educativa Lliurex."},"content":{"rendered":"<p align=\"justify\">A Consellar\u00eda de Cultura, Educaci\u00f3n e Deporte da Generalitat  Valenciana lanzar\u00e1, para o curso escolar 2007-2008, a nova versi\u00f3n LliureX 7.09, dispo\u00f1ible tanto en valenciano como en castel\u00e1n, que incluir\u00e1 todas as funcionalidades existentes en versi\u00f3ns anteriores. Esta nova versi\u00f3n est\u00e1 desenvolvida especialmente para o mundo educativo base\u00e1ndose na Edubuntu. <\/p>\n<div align=\"justify\">  <\/div>\n<p align=\"justify\">A directora xeral de \u00abArquivos e Innovaci\u00f3n Tecnol\u00f3xica\u00bb, Sof\u00eda Bell\u00e9s, explicou que se optou por esta distribuci\u00f3n polo seu \u00abmellor soporte de hardware\u00bb e por \u00abdispor dun calendario co\u00f1ecido de actualizaci\u00f3ns\u00bb.<\/p>\n<p><\/p>\n<p align=\"justify\">Bell\u00e9s explicou que \u00abisto permitir\u00e1 ter dispo\u00f1ibles novas versi\u00f3ns das aplicaci\u00f3ns inclu\u00eddas cada seis meses e actualizaci\u00f3ns de seguridade durante un per\u00edodo de dezaoito meses\u00bb.<\/p>\n<div align=\"justify\">  <\/div>\n<p align=\"justify\">A directora pensa tam\u00e9n que o feito de que Lliurex estea baseado en Edubuntu, permitir\u00e1 ademais colaborar coas distribuci\u00f3ns doutras comunidades aut\u00f3nomas que apostaron por esta mesma distribuci\u00f3n base. Engadiu que se trata da distribuci\u00f3n de Software Libre \u00abl\u00edder que m\u00e1is est\u00e1 crecendo, incluso se poden mercar ordenadores con Ubuntu preinstalado\u00bb.<\/p>\n<div align=\"justify\">  Fonte: <a href=\"http:\/\/www.canalsur.es\/informativos\/noticia?id=18599&#038;idCanal=&#038;idActivo=367\" target=\"_blank\" title=\"http:\/\/www.canalsur.es\/informativos\/noticia?id=18599&#038;idCanal=&#038;idActivo=367\" rel=\"noopener\">Canalsur.es<\/a>   <\/div>\n","protected":false},"excerpt":{"rendered":"<p align=\"justify\">A Consellar\u00eda de Cultura, Educaci\u00f3n e Deporte da Generalitat  Valenciana lanzar\u00e1, para o curso escolar 2007-2008, a nova versi\u00f3n LliureX 7.09, dispo\u00f1ible tanto en valenciano como en castel\u00e1n, que incluir\u00e1 todas as funcionalidades existentes en versi\u00f3ns anteriores. Esta nova versi\u00f3n est\u00e1 desenvolvida especialmente para o mundo educativo base\u00e1ndose na Edubuntu. <\/p>\n<div align=\"justify\">  <\/div>\n<p align=\"justify\">A directora xeral de \u00abArquivos e Innovaci\u00f3n Tecnol\u00f3xica\u00bb, Sof\u00eda Bell\u00e9s, explicou que se optou por esta distribuci\u00f3n polo seu \u00abmellor soporte de hardware\u00bb e por \u00abdispor dun calendario co\u00f1ecido de actualizaci\u00f3ns\u00bb.<\/p>\n","protected":false},"author":5,"featured_media":0,"comment_status":"open","ping_status":"open","sticky":false,"template":"","format":"standard","meta":{"footnotes":""},"categories":[],"tags":[],"class_list":["post-36199","post","type-post","status-publish","format-standard","hentry"],"acf":[],"_links":{"self":[{"href":"https:\/\/mancomun.gal\/es\/wp-json\/wp\/v2\/posts\/36199","targetHints":{"allow":["GET"]}}],"collection":[{"href":"https:\/\/mancomun.gal\/es\/wp-json\/wp\/v2\/posts"}],"about":[{"href":"https:\/\/mancomun.gal\/es\/wp-json\/wp\/v2\/types\/post"}],"author":[{"embeddable":true,"href":"https:\/\/mancomun.gal\/es\/wp-json\/wp\/v2\/users\/5"}],"replies":[{"embeddable":true,"href":"https:\/\/mancomun.gal\/es\/wp-json\/wp\/v2\/comments?post=36199"}],"version-history":[{"count":0,"href":"https:\/\/mancomun.gal\/es\/wp-json\/wp\/v2\/posts\/36199\/revisions"}],"wp:attachment":[{"href":"https:\/\/mancomun.gal\/es\/wp-json\/wp\/v2\/media?parent=36199"}],"wp:term":[{"taxonomy":"category","embeddable":true,"href":"https:\/\/mancomun.gal\/es\/wp-json\/wp\/v2\/categories?post=36199"},{"taxonomy":"post_tag","embeddable":true,"href":"https:\/\/mancomun.gal\/es\/wp-json\/wp\/v2\/tags?post=36199"}],"curies":[{"name":"wp","href":"https:\/\/api.w.org\/{rel}","templated":true}]}}