{"id":36206,"date":"2007-06-28T11:40:31","date_gmt":"2007-06-28T09:40:31","guid":{"rendered":"https:\/\/mancomun.gal\/xornadas-de-software-libre-en-expolemos\/"},"modified":"2007-06-28T11:40:31","modified_gmt":"2007-06-28T09:40:31","slug":"xornadas-de-software-libre-en-expolemos","status":"publish","type":"post","link":"https:\/\/mancomun.gal\/es\/xornadas-de-software-libre-en-expolemos\/","title":{"rendered":"Xornadas de software libre en Expolemos"},"content":{"rendered":"<p>O servizo de dinamizaci\u00f3n tecnol\u00f3xica do Concello de Monforte<\/p>\n<p>organiza unhas xornadas de software libre que se desenvolver\u00e1n o venres<\/p>\n<p>e o s\u00e1bado no centro comarcal Expolemos. A primeira xornada abrirase<\/p>\n<p>cun acto de presentaci\u00f3n \u00e1s 17:45 a que seguir\u00e1 a conferencia<\/p>\n<p>\u00abAproximaci\u00f3n ao software libre\u00bb, por Roberto Brenlla. A continuaci\u00f3n,<\/p>\n<p>Antonio Mart\u00ednez e Marta Prado falar\u00e1n sobre \u00abAs posibilidades do<\/p>\n<p>software libre\u00bb.<\/p>\n<p>As conferencias do s\u00e1bado dar\u00e1n comezo \u00e1s dez da ma\u00f1\u00e1 coa charla de<\/p>\n<p>Roberto Brenlla \u00abDirectrices migratorias\u00bb. A segunda correr\u00e1 a cargo de<\/p>\n<p>Antonio Mart\u00ednez e Marta Prado novamente e tit\u00falase \u00abO que fago en<\/p>\n<p>Windows f\u00e1goo en GNU\/Linux\u00bb. A \u00faltima conferencia da ma\u00f1\u00e1, de<\/p>\n<p>Mart\u00edn G\u00f3mez, versar\u00e1 sobre \u00abO cami\u00f1o cara aos novos modelos de negocio<\/p>\n<p>con software libre\u00bb.<\/p>\n<p>Pola tarde, a partir das cinco, Rub\u00e9n Rodr\u00edguez, Juan \u00c1ngel Ferreiro<\/p>\n<p>e Carlos \u00c1lvarez falar\u00e1n respectivamente sobre o proxecto Trisquel e os<\/p>\n<p>usos do software libre en empresas e oficinas. \u00c1s 19:45 haber\u00e1 unha<\/p>\n<p>demostraci\u00f3n do robot Dipbot, creado no instituto A Pinguela.<\/p>\n<p>Fonte: <a\n\nhref=\"http:\/\/www.lavozdegalicia.es\/ed_lemos\/noticia.jsp?TEXTO=5934833&#038;CAT=119\">La<\/p>\n<p>Voz de Galicia<\/a><\/p>\n","protected":false},"excerpt":{"rendered":"<p>O servizo de dinamizaci\u00f3n tecnol\u00f3xica do Concello de Monforte<\/p>\n<p>organiza unhas xornadas de software libre que se desenvolver\u00e1n o venres<\/p>\n<p>e o s\u00e1bado no centro comarcal Expolemos. A primeira xornada abrirase<\/p>\n<p>cun acto de presentaci\u00f3n \u00e1s 17:45 a que seguir\u00e1 a conferencia<\/p>\n<p>\u00abAproximaci\u00f3n ao software libre\u00bb, por Roberto Brenlla. A continuaci\u00f3n,<\/p>\n<p>Antonio Mart\u00ednez e Marta Prado falar\u00e1n sobre \u00abAs posibilidades do<\/p>\n<p>software libre\u00bb.<\/p>\n<p>As conferencias do s\u00e1bado dar\u00e1n comezo \u00e1s dez da ma\u00f1\u00e1 coa charla de<\/p>\n<p>Roberto Brenlla \u00abDirectrices migratorias\u00bb. A segunda correr\u00e1 a cargo de<\/p>\n<p>Antonio Mart\u00ednez e Marta Prado novamente e tit\u00falase \u00abO que fago en<\/p>\n<p>Windows f\u00e1goo en GNU\/Linux\u00bb. A \u00faltima conferencia da ma\u00f1\u00e1, de<\/p>\n<p>Mart\u00edn G\u00f3mez, versar\u00e1 sobre \u00abO cami\u00f1o cara aos novos modelos de negocio<\/p>\n<p>con software libre\u00bb.<\/p>\n<p>Pola tarde, a partir das cinco, Rub\u00e9n Rodr\u00edguez, Juan \u00c1ngel Ferreiro<\/p>\n<p>e Carlos \u00c1lvarez falar\u00e1n respectivamente sobre o proxecto Trisquel e os<\/p>\n<p>usos do software libre en empresas e oficinas. \u00c1s 19:45 haber\u00e1 unha<\/p>\n<p>demostraci\u00f3n do robot Dipbot, creado no instituto A Pinguela.<\/p>\n<p>Fonte: <a\n\nhref=\"http:\/\/www.lavozdegalicia.es\/ed_lemos\/noticia.jsp?TEXTO=5934833&#038;CAT=119\">La<\/p>\n<p>Voz de Galicia<\/a><\/p>\n","protected":false},"author":5,"featured_media":0,"comment_status":"open","ping_status":"open","sticky":false,"template":"","format":"standard","meta":{"footnotes":""},"categories":[],"tags":[],"class_list":["post-36206","post","type-post","status-publish","format-standard","hentry"],"acf":[],"_links":{"self":[{"href":"https:\/\/mancomun.gal\/es\/wp-json\/wp\/v2\/posts\/36206","targetHints":{"allow":["GET"]}}],"collection":[{"href":"https:\/\/mancomun.gal\/es\/wp-json\/wp\/v2\/posts"}],"about":[{"href":"https:\/\/mancomun.gal\/es\/wp-json\/wp\/v2\/types\/post"}],"author":[{"embeddable":true,"href":"https:\/\/mancomun.gal\/es\/wp-json\/wp\/v2\/users\/5"}],"replies":[{"embeddable":true,"href":"https:\/\/mancomun.gal\/es\/wp-json\/wp\/v2\/comments?post=36206"}],"version-history":[{"count":0,"href":"https:\/\/mancomun.gal\/es\/wp-json\/wp\/v2\/posts\/36206\/revisions"}],"wp:attachment":[{"href":"https:\/\/mancomun.gal\/es\/wp-json\/wp\/v2\/media?parent=36206"}],"wp:term":[{"taxonomy":"category","embeddable":true,"href":"https:\/\/mancomun.gal\/es\/wp-json\/wp\/v2\/categories?post=36206"},{"taxonomy":"post_tag","embeddable":true,"href":"https:\/\/mancomun.gal\/es\/wp-json\/wp\/v2\/tags?post=36206"}],"curies":[{"name":"wp","href":"https:\/\/api.w.org\/{rel}","templated":true}]}}