{"id":36211,"date":"2007-07-02T01:00:00","date_gmt":"2007-07-01T23:00:00","guid":{"rendered":"https:\/\/mancomun.gal\/publicacion-da-licenza-gnu-gplv3\/"},"modified":"2023-05-09T18:39:44","modified_gmt":"2023-05-09T16:39:44","slug":"publicacion-da-licenza-gnu-gplv3","status":"publish","type":"post","link":"https:\/\/mancomun.gal\/es\/publicacion-da-licenza-gnu-gplv3\/","title":{"rendered":"Publicaci\u00f3n da licenza GNU GPLv3"},"content":{"rendered":"<div align=\"justify\"><a href=\"http:\/\/www.gnu.org\/licenses\/gpl.html\" target=\"_blank\" title=\"http:\/\/www.gnu.org\/licenses\/gpl.html\" rel=\"noopener\"><img loading=\"lazy\" decoding=\"async\" src=\"https:\/\/mancomun.gal\/wp-content\/uploads\/2022\/09\/gplv3-logo-red.png\" border=\"0\" alt=\"http:\/\/www.mancomun.org\/images\/stories\/gplv3-logo-red.png\" title=\"http:\/\/www.mancomun.org\/images\/stories\/gplv3-logo-red.png\" hspace=\"7\" vspace=\"7\" width=\"150\" height=\"61\" align=\"left\" \/><\/a> O d\u00eda 29 de xu\u00f1o, \u00e1s 12 horas (horario norteamericano da costa leste EDT), a <a href=\"http:\/\/www.fsf.org\/news\/gplv3_launched\" target=\"_blank\" title=\"http:\/\/www.fsf.org\/news\/gplv3_launched\" rel=\"noopener\">Free Software Foundation <\/a> (FSF) publicou oficialmente a <a href=\"http:\/\/www.gnu.org\/licenses\/gpl.html\" target=\"_blank\" title=\"http:\/\/www.gnu.org\/licenses\/gpl.html\" rel=\"noopener\">3\u00aa versi\u00f3n da licenza p\u00fablica xeral<\/a>  ([[GPL]]), despois de 16 anos da publicaci\u00f3n da s\u00faa  2.\u00aa versi\u00f3n.  <\/div>\n<p align=\"justify\">\u00c9 a licenza de Software Libre m\u00e1is estendida, que empregan os n\u00facleos Linux, [[BASH]], [[GCC]] e outros importantes aplicativos. Logo de 18 meses de traballo, que supuxeron a s\u00faa exposici\u00f3n p\u00fablica, os comentarios e mais as revisi\u00f3ns da licenza de Software Libre m\u00e1is popular, que se acompa\u00f1aron dunha grande pol\u00e9mica, a FSF chama a unirse nesta celebraci\u00f3n&#8230;<\/p>\n<p>  Fonte: <a href=\"http:\/\/lists.gnu.org\/archive\/html\/info-member\/2007-06\/msg00000.html\" target=\"_blank\" title=\"http:\/\/lists.gnu.org\/archive\/html\/info-member\/2007-06\/msg00000.html\" rel=\"noopener\"> lists.gnu.org<\/a><\/p>\n","protected":false},"excerpt":{"rendered":"<div align=\"justify\"><a href=\"http:\/\/www.gnu.org\/licenses\/gpl.html\" target=\"_blank\" title=\"http:\/\/www.gnu.org\/licenses\/gpl.html\" rel=\"noopener\"><img loading=\"lazy\" decoding=\"async\" src=\"https:\/\/www.mancomun.gal\/wp-content\/uploads\/uploads\/pics\/stories\/gplv3-logo-red.png\" border=\"0\" alt=\"http:\/\/www.mancomun.org\/images\/stories\/gplv3-logo-red.png\" title=\"http:\/\/www.mancomun.org\/images\/stories\/gplv3-logo-red.png\" hspace=\"7\" vspace=\"7\" width=\"150\" height=\"61\" align=\"left\" \/><\/a> O d\u00eda 29 de xu\u00f1o, \u00e1s 12 horas (horario norteamericano da costa leste EDT), a <a href=\"http:\/\/www.fsf.org\/news\/gplv3_launched\" target=\"_blank\" title=\"http:\/\/www.fsf.org\/news\/gplv3_launched\" rel=\"noopener\">Free Software Foundation <\/a> (FSF) publicou oficialmente a <a href=\"http:\/\/www.gnu.org\/licenses\/gpl.html\" target=\"_blank\" title=\"http:\/\/www.gnu.org\/licenses\/gpl.html\" rel=\"noopener\">3\u00aa versi\u00f3n da licenza p\u00fablica xeral<\/a>  ([[GPL]]), despois de 16 anos da publicaci\u00f3n da s\u00faa  2.\u00aa versi\u00f3n.  <\/div>\n<p align=\"justify\">\u00c9 a licenza de Software Libre m\u00e1is estendida, que empregan os n\u00facleos Linux, [[BASH]], [[GCC]] e outros importantes aplicativos. Logo de 18 meses de traballo, que supuxeron a s\u00faa exposici\u00f3n p\u00fablica, os comentarios e mais as revisi\u00f3ns da licenza de Software Libre m\u00e1is popular, que se acompa\u00f1aron dunha grande pol\u00e9mica, a FSF chama a unirse nesta celebraci\u00f3n&#8230;<\/p>\n","protected":false},"author":5,"featured_media":373,"comment_status":"open","ping_status":"open","sticky":false,"template":"","format":"standard","meta":{"footnotes":""},"categories":[],"tags":[],"class_list":["post-36211","post","type-post","status-publish","format-standard","has-post-thumbnail","hentry"],"acf":[],"_links":{"self":[{"href":"https:\/\/mancomun.gal\/es\/wp-json\/wp\/v2\/posts\/36211","targetHints":{"allow":["GET"]}}],"collection":[{"href":"https:\/\/mancomun.gal\/es\/wp-json\/wp\/v2\/posts"}],"about":[{"href":"https:\/\/mancomun.gal\/es\/wp-json\/wp\/v2\/types\/post"}],"author":[{"embeddable":true,"href":"https:\/\/mancomun.gal\/es\/wp-json\/wp\/v2\/users\/5"}],"replies":[{"embeddable":true,"href":"https:\/\/mancomun.gal\/es\/wp-json\/wp\/v2\/comments?post=36211"}],"version-history":[{"count":1,"href":"https:\/\/mancomun.gal\/es\/wp-json\/wp\/v2\/posts\/36211\/revisions"}],"predecessor-version":[{"id":36212,"href":"https:\/\/mancomun.gal\/es\/wp-json\/wp\/v2\/posts\/36211\/revisions\/36212"}],"wp:featuredmedia":[{"embeddable":true,"href":"https:\/\/mancomun.gal\/es\/wp-json\/wp\/v2\/media\/373"}],"wp:attachment":[{"href":"https:\/\/mancomun.gal\/es\/wp-json\/wp\/v2\/media?parent=36211"}],"wp:term":[{"taxonomy":"category","embeddable":true,"href":"https:\/\/mancomun.gal\/es\/wp-json\/wp\/v2\/categories?post=36211"},{"taxonomy":"post_tag","embeddable":true,"href":"https:\/\/mancomun.gal\/es\/wp-json\/wp\/v2\/tags?post=36211"}],"curies":[{"name":"wp","href":"https:\/\/api.w.org\/{rel}","templated":true}]}}