{"id":36219,"date":"2007-06-29T12:41:00","date_gmt":"2007-06-29T10:41:00","guid":{"rendered":"https:\/\/mancomun.gal\/oferta-de-cursos-de-software-libre-no-concello-de-ourense\/"},"modified":"2023-05-09T18:44:25","modified_gmt":"2023-05-09T16:44:25","slug":"oferta-de-cursos-de-software-libre-no-concello-de-ourense","status":"publish","type":"post","link":"https:\/\/mancomun.gal\/es\/oferta-de-cursos-de-software-libre-no-concello-de-ourense\/","title":{"rendered":"Oferta de cursos de Software Libre no concello de Ourense"},"content":{"rendered":"<p align=\"justify\"><a href=\"https:\/\/dinamiza.sociedadedainformacion.eu\" target=\"_blank\" title=\"Rede de dinamizaci\u00f3n\" rel=\"noopener\"><img loading=\"lazy\" decoding=\"async\" src=\"https:\/\/www.mancomun.gal\/wp-content\/uploads\/uploads\/pics\/banners\/rede-dinamizadores-banner.jpg\" border=\"0\" alt=\"Rede de dinamizaci\u00f3n\" title=\"Rede de dinamizaci\u00f3n\" hspace=\"10\" vspace=\"10\" width=\"120\" height=\"56\" align=\"right\" \/><\/a> A <a href=\"https:\/\/dinamiza.sociedadedainformacion.eu\" target=\"_blank\" title=\"REde de dinamizaci\u00f3n\" rel=\"noopener\">Rede de Dinamizaci\u00f3n da Sociedade da Informaci\u00f3n<\/a> da Conseller\u00eda de Innovaci\u00f3n e Industria en colaboraci\u00f3n con\u00a0mancomun.org e coa Conceller\u00eda de Educaci\u00f3n do Concello de Ourense oferta os seguintes cursos de formaci\u00f3n de car\u00e1cter gratu\u00edto:<\/p>\n<div align=\"justify\">\n<ul>\n<li>  Introduci\u00f3n ao OpenOffice.org&#8230;&#8230;&#8230;&#8230;&#8230;&#8230;&#8230;&#8230;&#8230;&#8230;10 h.<\/li>\n<li>Bases \tde datos (OpenOffice.org Base)&#8230;&#8230;&#8230;&#8230;&#8230;&#8230;40 h.<\/li>\n<li>Construci\u00f3n \tde p\u00e1xinas web (Nvu)&#8230;&#8230;&#8230;&#8230;&#8230;&#8230;&#8230;..40 h.<\/li>\n<li>Contabilidade \t(Facturalux)&#8230;&#8230;&#8230;&#8230;&#8230;&#8230;&#8230;&#8230;&#8230;&#8230;&#8230;&#8230;24 h.<\/li>\n<\/ul>\n<\/div>\n<p style=\"margin-bottom: 0cm\" align=\"justify\">\u00a0<\/p>\n<p><\/p>\n<p align=\"justify\">O prazo de inscrici\u00f3n \u00e9 do 26 de xu\u00f1o ao 16 de xullo. Hai ofertadas 14 prazas e a admisi\u00f3n farase por orden de entrada das solicitudes. <\/p>\n<div align=\"justify\"> <\/div>\n<p style=\"margin-bottom: 0cm\" align=\"justify\">O curso que recolla maior n\u00famero de inscrici\u00f3ns ser\u00e1 o primeiro en levarse a cabo. Impartirase no mes de agosto en horario de tarde na Aula de inform\u00e1tica do Concello, situada no Campo da Feira. <\/p>\n<div align=\"justify\"> <\/div>\n<p style=\"margin-bottom: 0cm\" align=\"justify\">Para m\u00e1is informaci\u00f3n dirixirse \u00e1 Conceller\u00eda de Educaci\u00f3n do Concello de Ourense  situada en Ervedelo n\u00ba2, Tfno. 988510802.<\/p>\n<div align=\"justify\"> <\/div>\n<div align=\"justify\">Fonte: <a href=\"https:\/\/dinamiza.sociedadedainformacion.eu\/web\/index.php?mod=noticias_centro&#038;idc=65&#038;ide=120\" target=\"_blank\" title=\"Nova na Rede de dinamizaci\u00f3n\" rel=\"noopener\">Rede de dinamizaci\u00f3n<\/a><\/div>\n<p style=\"margin-bottom: 0cm\" align=\"justify\">\u00a0<\/p>\n","protected":false},"excerpt":{"rendered":"<p align=\"justify\"><a href=\"https:\/\/dinamiza.sociedadedainformacion.eu\" target=\"_blank\" title=\"Rede de dinamizaci\u00f3n\" rel=\"noopener\"><img loading=\"lazy\" decoding=\"async\" src=\"https:\/\/www.mancomun.gal\/wp-content\/uploads\/uploads\/pics\/banners\/rede-dinamizadores-banner.jpg\" border=\"0\" alt=\"Rede de dinamizaci\u00f3n\" title=\"Rede de dinamizaci\u00f3n\" hspace=\"10\" vspace=\"10\" width=\"120\" height=\"56\" align=\"right\" \/><\/a> A <a href=\"https:\/\/dinamiza.sociedadedainformacion.eu\" target=\"_blank\" title=\"REde de dinamizaci\u00f3n\" rel=\"noopener\">Rede de Dinamizaci\u00f3n da Sociedade da Informaci\u00f3n<\/a> da Conseller\u00eda de Innovaci\u00f3n e Industria en colaboraci\u00f3n con\u00a0mancomun.org e coa Conceller\u00eda de Educaci\u00f3n do Concello de Ourense oferta os seguintes cursos de formaci\u00f3n de car\u00e1cter gratu\u00edto:<\/p>\n<div align=\"justify\">\n<ul>\n<li>  Introduci\u00f3n ao OpenOffice.org&#8230;&#8230;&#8230;&#8230;&#8230;&#8230;&#8230;&#8230;&#8230;&#8230;10 h.<\/li>\n<li>Bases \tde datos (OpenOffice.org Base)&#8230;&#8230;&#8230;&#8230;&#8230;&#8230;40 h.<\/li>\n<li>Construci\u00f3n \tde p\u00e1xinas web (Nvu)&#8230;&#8230;&#8230;&#8230;&#8230;&#8230;&#8230;..40 h.<\/li>\n<li>Contabilidade \t(Facturalux)&#8230;&#8230;&#8230;&#8230;&#8230;&#8230;&#8230;&#8230;&#8230;&#8230;&#8230;&#8230;24 h.<\/li>\n<\/ul>\n<\/div>\n<p style=\"margin-bottom: 0cm\" align=\"justify\">\u00a0<\/p>\n","protected":false},"author":5,"featured_media":0,"comment_status":"open","ping_status":"open","sticky":false,"template":"","format":"standard","meta":{"footnotes":""},"categories":[],"tags":[],"class_list":["post-36219","post","type-post","status-publish","format-standard","hentry"],"acf":[],"_links":{"self":[{"href":"https:\/\/mancomun.gal\/es\/wp-json\/wp\/v2\/posts\/36219","targetHints":{"allow":["GET"]}}],"collection":[{"href":"https:\/\/mancomun.gal\/es\/wp-json\/wp\/v2\/posts"}],"about":[{"href":"https:\/\/mancomun.gal\/es\/wp-json\/wp\/v2\/types\/post"}],"author":[{"embeddable":true,"href":"https:\/\/mancomun.gal\/es\/wp-json\/wp\/v2\/users\/5"}],"replies":[{"embeddable":true,"href":"https:\/\/mancomun.gal\/es\/wp-json\/wp\/v2\/comments?post=36219"}],"version-history":[{"count":1,"href":"https:\/\/mancomun.gal\/es\/wp-json\/wp\/v2\/posts\/36219\/revisions"}],"predecessor-version":[{"id":36220,"href":"https:\/\/mancomun.gal\/es\/wp-json\/wp\/v2\/posts\/36219\/revisions\/36220"}],"wp:attachment":[{"href":"https:\/\/mancomun.gal\/es\/wp-json\/wp\/v2\/media?parent=36219"}],"wp:term":[{"taxonomy":"category","embeddable":true,"href":"https:\/\/mancomun.gal\/es\/wp-json\/wp\/v2\/categories?post=36219"},{"taxonomy":"post_tag","embeddable":true,"href":"https:\/\/mancomun.gal\/es\/wp-json\/wp\/v2\/tags?post=36219"}],"curies":[{"name":"wp","href":"https:\/\/api.w.org\/{rel}","templated":true}]}}