{"id":36223,"date":"2007-07-02T01:00:00","date_gmt":"2007-07-01T23:00:00","guid":{"rendered":"https:\/\/mancomun.gal\/a-version-2-2-do-wordpress-disponible-en-galego\/"},"modified":"2023-05-09T18:44:29","modified_gmt":"2023-05-09T16:44:29","slug":"a-version-2-2-do-wordpress-disponible-en-galego","status":"publish","type":"post","link":"https:\/\/mancomun.gal\/es\/a-version-2-2-do-wordpress-disponible-en-galego\/","title":{"rendered":"A versi\u00f3n 2.2 do WordPress dispo\u00f1ible en galego"},"content":{"rendered":"<div align=\"justify\"><img loading=\"lazy\" decoding=\"async\" src=\"https:\/\/mancomun.gal\/wp-content\/uploads\/2022\/09\/wordpress-logo.jpg\" alt=\"Wordpress logo\" title=\"Wordpress logo\" hspace=\"7\" vspace=\"4\" width=\"79\" height=\"79\" align=\"left\" \/>A empresa <a href=\"http:\/\/www.google.com\/url?sa=t&#038;ct=res&#038;cd=1&#038;url=http%3A%2F%2Fwww.tagenata.com%2F&#038;ei=3gCFRtmAB4KgnQON6Ln2AQ&#038;usg=AFQjCNFuLFc018phCAJLoEZqp4vIms1FDg&#038;sig2=jAjUeXD8ce31Qykyj5G0JQ\" target=\"_blank\" title=\"Tagen Ata\" rel=\"noopener\">Tagen Ata<\/a>  v\u00e9n de po\u00f1er a disposici\u00f3n da comunidade o sistema de xeraci\u00f3n de blogues libre <a href=\"http:\/\/wiki.mancomun.org\/index.php\/Wordpress\" target=\"_blank\" title=\"Wordpress 2.2\" rel=\"noopener\">WordPress<\/a>  na s\u00faa versi\u00f3n 2.2 en galego. Podedes acceder \u00e1 <a href=\"http:\/\/svn.automattic.com\/wordpress-i18n\/gl_ES\/tags\/2.2\/\" target=\"_blank\" title=\"Traduci\u00f3n 2.2\" rel=\"noopener\">traduci\u00f3n<\/a>  no <a href=\"http:\/\/wiki.mancomun.org\/index.php\/Wordpress\" target=\"_blank\" title=\"Wiki\" rel=\"noopener\">Wiki<\/a>  de Mancomun.org as\u00ed como \u00e1s <a href=\"http:\/\/svn.automattic.com\/wordpress-i18n\/gl_ES\/tags\/\" target=\"_blank\" title=\"Versi\u00f3ns anteriores\" rel=\"noopener\">anteriores versi\u00f3ns<\/a>. O responsable oficial do WordPress en Galicia, Amador Loureiro Blanco, subiu o programa aos <a href=\"http:\/\/svn.automattic.com\/wordpress-i18n\/gl_ES\/tags\/2.2\/\" target=\"_blank\" title=\"Repositorios oficiais\" rel=\"noopener\">repositorios oficiais<\/a>. Record\u00e1mosvos que podedes editar o wiki incorporando novo Software Libre traducido ao galego e incorporando informaci\u00f3n e documentaci\u00f3n ao portal.<\/div>\n<div align=\"justify\">\u00a0<\/div>\n<p><\/p>\n<div align=\"justify\">WordPress \u00e9 un sistema de contidos enfocado \u00e1 creaci\u00f3n de blogues, desenvolvido en PHP e MySQL baixo licenza GPL. O seu uso est\u00e1 moi estendido, entre outras causas, polo seu f\u00e1cil uso, a s\u00faa licenza e as caracter\u00edsticas como xestor de contidos. Pos\u00fae unha comunidade de desenvolvedoras e desenvolvedores ampla encargada de desenvolver complementos e temas. <\/div>\n","protected":false},"excerpt":{"rendered":"<div align=\"justify\"><img loading=\"lazy\" decoding=\"async\" src=\"https:\/\/www.mancomun.gal\/wp-content\/uploads\/uploads\/pics\/stories\/wordpress-logo.jpg\" alt=\"Wordpress logo\" title=\"Wordpress logo\" hspace=\"7\" vspace=\"4\" width=\"79\" height=\"79\" align=\"left\" \/>A empresa <a href=\"http:\/\/www.google.com\/url?sa=t&#038;ct=res&#038;cd=1&#038;url=http%3A%2F%2Fwww.tagenata.com%2F&#038;ei=3gCFRtmAB4KgnQON6Ln2AQ&#038;usg=AFQjCNFuLFc018phCAJLoEZqp4vIms1FDg&#038;sig2=jAjUeXD8ce31Qykyj5G0JQ\" target=\"_blank\" title=\"Tagen Ata\" rel=\"noopener\">Tagen Ata<\/a>  v\u00e9n de po\u00f1er a disposici\u00f3n da comunidade o sistema de xeraci\u00f3n de blogues libre <a href=\"http:\/\/wiki.mancomun.org\/index.php\/Wordpress\" target=\"_blank\" title=\"Wordpress 2.2\" rel=\"noopener\">Wordpress<\/a>  na s\u00faa versi\u00f3n 2.2 en galego. Podedes acceder \u00e1 <a href=\"http:\/\/svn.automattic.com\/wordpress-i18n\/gl_ES\/tags\/2.2\/\" target=\"_blank\" title=\"Traduci\u00f3n 2.2\" rel=\"noopener\">traduci\u00f3n<\/a>  no <a href=\"http:\/\/wiki.mancomun.org\/index.php\/Wordpress\" target=\"_blank\" title=\"Wiki\" rel=\"noopener\">Wiki<\/a>  de Mancomun.org as\u00ed como \u00e1s <a href=\"http:\/\/svn.automattic.com\/wordpress-i18n\/gl_ES\/tags\/\" target=\"_blank\" title=\"Versi\u00f3ns anteriores\" rel=\"noopener\">anteriores versi\u00f3ns<\/a>. O responsable oficial do Wordpress en Galicia, Amador Loureiro Blanco, subiu o programa aos <a href=\"http:\/\/svn.automattic.com\/wordpress-i18n\/gl_ES\/tags\/2.2\/\" target=\"_blank\" title=\"Repositorios oficiais\" rel=\"noopener\">repositorios oficiais<\/a>. Record\u00e1mosvos que podedes editar o wiki incorporando novo Software Libre traducido ao galego e incorporando informaci\u00f3n e documentaci\u00f3n ao portal.<\/div>\n<div align=\"justify\">\u00a0<\/div>\n","protected":false},"author":5,"featured_media":2204,"comment_status":"open","ping_status":"open","sticky":false,"template":"","format":"standard","meta":{"footnotes":""},"categories":[],"tags":[],"class_list":["post-36223","post","type-post","status-publish","format-standard","has-post-thumbnail","hentry"],"acf":[],"_links":{"self":[{"href":"https:\/\/mancomun.gal\/es\/wp-json\/wp\/v2\/posts\/36223","targetHints":{"allow":["GET"]}}],"collection":[{"href":"https:\/\/mancomun.gal\/es\/wp-json\/wp\/v2\/posts"}],"about":[{"href":"https:\/\/mancomun.gal\/es\/wp-json\/wp\/v2\/types\/post"}],"author":[{"embeddable":true,"href":"https:\/\/mancomun.gal\/es\/wp-json\/wp\/v2\/users\/5"}],"replies":[{"embeddable":true,"href":"https:\/\/mancomun.gal\/es\/wp-json\/wp\/v2\/comments?post=36223"}],"version-history":[{"count":1,"href":"https:\/\/mancomun.gal\/es\/wp-json\/wp\/v2\/posts\/36223\/revisions"}],"predecessor-version":[{"id":36224,"href":"https:\/\/mancomun.gal\/es\/wp-json\/wp\/v2\/posts\/36223\/revisions\/36224"}],"wp:featuredmedia":[{"embeddable":true,"href":"https:\/\/mancomun.gal\/es\/wp-json\/wp\/v2\/media\/2204"}],"wp:attachment":[{"href":"https:\/\/mancomun.gal\/es\/wp-json\/wp\/v2\/media?parent=36223"}],"wp:term":[{"taxonomy":"category","embeddable":true,"href":"https:\/\/mancomun.gal\/es\/wp-json\/wp\/v2\/categories?post=36223"},{"taxonomy":"post_tag","embeddable":true,"href":"https:\/\/mancomun.gal\/es\/wp-json\/wp\/v2\/tags?post=36223"}],"curies":[{"name":"wp","href":"https:\/\/api.w.org\/{rel}","templated":true}]}}