{"id":36225,"date":"2007-07-02T08:36:53","date_gmt":"2007-07-02T06:36:53","guid":{"rendered":"https:\/\/mancomun.gal\/comite-asesor-do-master-de-software-libre\/"},"modified":"2023-05-09T18:44:31","modified_gmt":"2023-05-09T16:44:31","slug":"comite-asesor-do-master-de-software-libre","status":"publish","type":"post","link":"https:\/\/mancomun.gal\/es\/comite-asesor-do-master-de-software-libre\/","title":{"rendered":"Comit\u00e9 asesor do m\u00e1ster de Software Libre"},"content":{"rendered":"<p>Fonte: <a href=\"http:\/\/blogs.igalia.com\/javivazquez\/category\/igalia\/\" target=\"_blank\" title=\"http:\/\/blogs.igalia.com\/javivazquez\/category\/igalia\/\" rel=\"noopener\">Blogue Javi V\u00e1zquez<\/a>  <\/p>\n<p style=\"margin-bottom: 0cm\" align=\"justify\"><img loading=\"lazy\" decoding=\"async\" src=\"https:\/\/mancomun.gal\/wp-content\/uploads\/2022\/09\/master_swl.jpg\" border=\"0\" alt=\"http:\/\/www.mancomun.org\/images\/stories\/master_swl.jpg\" title=\"http:\/\/www.mancomun.org\/images\/stories\/master_swl.jpg\" hspace=\"5\" vspace=\"5\" width=\"153\" height=\"155\" align=\"right\" \/>Xa se fixo p\u00fablico o comit\u00e9 asesor do M\u00e1ster de Software Libre financiado por Caixanova, no cal colabora o <a href=\"http:\/\/libresoft.urjc.es\/index\" target=\"_blank\" title=\"http:\/\/libresoft.urjc.es\/index\" rel=\"noopener\">grupo LibreSoft da Universidade Rey Juan Carlos<\/a>  e <a href=\"http:\/\/www.igalia.com\/\" target=\"_blank\" title=\"http:\/\/www.igalia.com\/\" rel=\"noopener\">Igalia<\/a>. O comit\u00e9 est\u00e1 formado por membros da comunidade internacional de Software Libre e ten como misi\u00f3n colaborar na an\u00e1lise e avaliaci\u00f3n dos contidos acad\u00e9micos do M\u00e1ster.<\/p>\n<div align=\"justify\"> <\/div>\n<p style=\"margin-bottom: 0cm\" align=\"justify\">O enfoque internacional do M\u00e1ster de Software Libre, cun marcado car\u00e1cter pr\u00e1ctico e enfocado \u00e1 empresa, suxer\u00eda solicitar a colaboraci\u00f3n de persoeiros de renome internacional que acheguen a relaci\u00f3n da comunidade de Software Libre coa empresa:<\/p>\n<div align=\"justify\">\n<ul>\n<li>Miguel de Icaza, vicepresidente de Developer Platform en Novell, fundador do proxecto GNOME e impulsor do proxecto Mono.<\/li>\n<li>&#8230;<\/li>\n<\/ul>\n<\/div>\n<p><\/p>\n<div align=\"justify\">\n<ul>\n<li>Richard Stallman, presidente da FSF e fundador do proxecto GNU.<\/li>\n<li>Bdale Garbee, xefe tecnol\u00f3xico da \u00e1rea Open Source &#038; Linux de HP a nivel mundial e tam\u00e9n presidente de Software in the Public Interest.<\/li>\n<li>Carlos Guerreiro, l\u00edder de OSSO Desktop team en Nokia Multimedia, relacionado directamente co proxecto Maemo.<\/li>\n<li>Alberto Abella, director de desenvolvemento corporativo da Fundaci\u00f3n CENATIC e co-autor do <a href=\"http:\/\/libroblanco.com\/joomla\" target=\"_blank\" title=\"http:\/\/libroblanco.com\/joomla\/\" rel=\"noopener\">Libro Blanco de Software Libre<\/a> .<\/li>\n<li>Marcelo D\u2019Elia Branco, coordinador do proxecto \u201cRed Internacional de las Administraciones P\u00fablicas por el Software Libre\u201d.  <\/li>\n<\/ul>\n<\/div>\n<p align=\"justify\">Todos os membros do comit\u00e9 asesor participar\u00e1n de forma activa durante o curso acad\u00e9mico, impartindo unha conferencia maxistral aberta ao p\u00fablico e un seminario espec\u00edfico exclusivo para os alumnos do M\u00e1ster.<\/p>\n<p style=\"margin-bottom: 0cm\">Hai m\u00e1is informaci\u00f3n dos membros do comit\u00e9 na <a href=\"http:\/\/www.centrosocialcaixanova.com\/nt\/index.php?option=com_content&#038;task=view&#038;id=31&#038;Itemid=82\" target=\"_blank\" title=\"http:\/\/www.centrosocialcaixanova.com\/nt\/index.php?option=com_content&#038;task=view&#038;id=31&#038;Itemid=82\" rel=\"noopener\">web de Caixanova<\/a>.<\/p>\n","protected":false},"excerpt":{"rendered":"<p>Fonte: <a href=\"http:\/\/blogs.igalia.com\/javivazquez\/category\/igalia\/\" target=\"_blank\" title=\"http:\/\/blogs.igalia.com\/javivazquez\/category\/igalia\/\" rel=\"noopener\">Blogue Javi V\u00e1zquez<\/a>  <\/p>\n<p style=\"margin-bottom: 0cm\" align=\"justify\"><img loading=\"lazy\" decoding=\"async\" src=\"https:\/\/www.mancomun.gal\/wp-content\/uploads\/uploads\/pics\/stories\/master_swl.jpg\" border=\"0\" alt=\"http:\/\/www.mancomun.org\/images\/stories\/master_swl.jpg\" title=\"http:\/\/www.mancomun.org\/images\/stories\/master_swl.jpg\" hspace=\"5\" vspace=\"5\" width=\"153\" height=\"155\" align=\"right\" \/>Xa se fixo p\u00fablico o comit\u00e9 asesor do M\u00e1ster de Software Libre financiado por Caixanova, no cal colabora o <a href=\"http:\/\/libresoft.urjc.es\/index\" target=\"_blank\" title=\"http:\/\/libresoft.urjc.es\/index\" rel=\"noopener\">grupo LibreSoft da Universidade Rey Juan Carlos<\/a>  e <a href=\"http:\/\/www.igalia.com\/\" target=\"_blank\" title=\"http:\/\/www.igalia.com\/\" rel=\"noopener\">Igalia<\/a>. O comit\u00e9 est\u00e1 formado por membros da comunidade internacional de Software Libre e ten como misi\u00f3n colaborar na an\u00e1lise e avaliaci\u00f3n dos contidos acad\u00e9micos do M\u00e1ster.<\/p>\n<div align=\"justify\"> <\/div>\n<p style=\"margin-bottom: 0cm\" align=\"justify\">O enfoque internacional do M\u00e1ster de Software Libre, cun marcado car\u00e1cter pr\u00e1ctico e enfocado \u00e1 empresa, suxer\u00eda solicitar a colaboraci\u00f3n de persoeiros de renome internacional que acheguen a relaci\u00f3n da comunidade de Software Libre coa empresa:<\/p>\n<div align=\"justify\">\n<ul>\n<li>Miguel de Icaza, vicepresidente de Developer Platform en Novell, fundador do proxecto GNOME e impulsor do proxecto Mono.<\/li>\n<li>&#8230;<\/li>\n<\/ul>\n<\/div>\n","protected":false},"author":5,"featured_media":2208,"comment_status":"open","ping_status":"open","sticky":false,"template":"","format":"standard","meta":{"footnotes":""},"categories":[],"tags":[],"class_list":["post-36225","post","type-post","status-publish","format-standard","has-post-thumbnail","hentry"],"acf":[],"_links":{"self":[{"href":"https:\/\/mancomun.gal\/es\/wp-json\/wp\/v2\/posts\/36225","targetHints":{"allow":["GET"]}}],"collection":[{"href":"https:\/\/mancomun.gal\/es\/wp-json\/wp\/v2\/posts"}],"about":[{"href":"https:\/\/mancomun.gal\/es\/wp-json\/wp\/v2\/types\/post"}],"author":[{"embeddable":true,"href":"https:\/\/mancomun.gal\/es\/wp-json\/wp\/v2\/users\/5"}],"replies":[{"embeddable":true,"href":"https:\/\/mancomun.gal\/es\/wp-json\/wp\/v2\/comments?post=36225"}],"version-history":[{"count":1,"href":"https:\/\/mancomun.gal\/es\/wp-json\/wp\/v2\/posts\/36225\/revisions"}],"predecessor-version":[{"id":36226,"href":"https:\/\/mancomun.gal\/es\/wp-json\/wp\/v2\/posts\/36225\/revisions\/36226"}],"wp:featuredmedia":[{"embeddable":true,"href":"https:\/\/mancomun.gal\/es\/wp-json\/wp\/v2\/media\/2208"}],"wp:attachment":[{"href":"https:\/\/mancomun.gal\/es\/wp-json\/wp\/v2\/media?parent=36225"}],"wp:term":[{"taxonomy":"category","embeddable":true,"href":"https:\/\/mancomun.gal\/es\/wp-json\/wp\/v2\/categories?post=36225"},{"taxonomy":"post_tag","embeddable":true,"href":"https:\/\/mancomun.gal\/es\/wp-json\/wp\/v2\/tags?post=36225"}],"curies":[{"name":"wp","href":"https:\/\/api.w.org\/{rel}","templated":true}]}}