{"id":36227,"date":"2007-07-05T10:30:44","date_gmt":"2007-07-05T08:30:44","guid":{"rendered":"https:\/\/mancomun.gal\/mais-de-mil-persoas-daranse-cita-en-e-verano-org\/"},"modified":"2023-05-09T18:44:33","modified_gmt":"2023-05-09T16:44:33","slug":"mais-de-mil-persoas-daranse-cita-en-e-verano-org","status":"publish","type":"post","link":"https:\/\/mancomun.gal\/es\/mais-de-mil-persoas-daranse-cita-en-e-verano-org\/","title":{"rendered":"M\u00e1is de mil persoas daranse cita en \u00abE-verano.org\u00bb"},"content":{"rendered":"<p align=\"justify\"><img loading=\"lazy\" decoding=\"async\" src=\"https:\/\/mancomun.gal\/wp-content\/uploads\/2022\/09\/everano.png\" border=\"0\" alt=\"http:\/\/www.mancomun.org\/images\/stories\/everano.png\" title=\"http:\/\/www.mancomun.org\/images\/stories\/everano.png\" hspace=\"5\" vspace=\"6\" width=\"119\" height=\"111\" align=\"left\" \/>M\u00e1is de mil persoas acudir\u00e1n \u00e1s xornadas de formaci\u00f3n e convivencia sobre Software Libre \u00ab<strong><a href=\"http:\/\/www.e-verano.org\/edicion\/2007\/\" target=\"_blank\" title=\"http:\/\/www.e-verano.org\/edicion\/2007\/\" rel=\"noopener\">E-verano.org<\/a>, unha mirada \u00e1 sociedade libre\u00bb<\/strong> que ter\u00e1 lugar na Universidade Pablo de Olavide de Sevilla, do 16 ao 29 de xullo.<\/p>\n<div align=\"justify\">  <\/div>\n<p align=\"justify\">A iniciativa abranguer\u00e1 diferentes actividades como conferencias, cursos, simposios e debates. Para al\u00e9n diso, incl\u00fae a realizaci\u00f3n do I Encontro Nacional de Software Libre, no que reco\u00f1ecidos expertos do \u00e1mbito nacional e internacional informar\u00e1n sobre as  \u00faltimas tecnolox\u00edas desenvolvidas baixo a filosof\u00eda do co\u00f1ecemento libre e das normativas que o rexen, centr\u00e1ndose especialmente na actual Lei de Impulso da Sociedade da Informaci\u00f3n (LISI)&#8230;<\/p>\n<p><\/p>\n<div align=\"justify\">  <\/div>\n<p align=\"justify\">Este encontro est\u00e1 organizado pola Asociaci\u00f3n Andaluza para a Formaci\u00f3n, a Cultura e a Solidariedade, Iniciativa Focus, e a Asociaci\u00f3n Espa\u00f1ola de Usuarios de Software Libre, Hispalinux, coa colaboraci\u00f3n da Universidade Pablo de Olavide, a trav\u00e9s da Escola Polit\u00e9cnica Superior e a Vicerreitor\u00eda de Novas Tecnolox\u00edas.<\/p>\n<div align=\"justify\">  <\/div>\n<p align=\"justify\">As xuntas de Andaluc\u00eda e de Estremadura avalan estas xornadas, que ademais contan co apoio do Centro de Xesti\u00f3n Avanzado\u00bb (CXA) de Andaluc\u00eda.<\/p>\n<div align=\"justify\">  <\/div>\n<p align=\"justify\">Fonte: <a href=\"http:\/\/www.laflecha.net\/canales\/softlibre\/noticias\/mas-de-mil-personas-se-daran-cita-en-e-veranoorg?from=rss\" target=\"_blank\" title=\"http:\/\/www.laflecha.net\/canales\/softlibre\/noticias\/mas-de-mil-personas-se-daran-cita-en-e-veranoorg?from=rss\" rel=\"noopener\">La Flecha<\/a><\/p>\n<div align=\"justify\">  <\/div>\n<p align=\"justify\">Web das xornadas: <a href=\"http:\/\/www.e-verano.org\/edicion\/2007\" target=\"_blank\" title=\"http:\/\/www.e-verano.org\/edicion\/2007\/\" rel=\"noopener\">e-verano.org<\/a><\/p>\n","protected":false},"excerpt":{"rendered":"<p align=\"justify\"><img loading=\"lazy\" decoding=\"async\" src=\"https:\/\/www.mancomun.gal\/wp-content\/uploads\/uploads\/pics\/stories\/everano.png\" border=\"0\" alt=\"http:\/\/www.mancomun.org\/images\/stories\/everano.png\" title=\"http:\/\/www.mancomun.org\/images\/stories\/everano.png\" hspace=\"5\" vspace=\"6\" width=\"119\" height=\"111\" align=\"left\" \/>M\u00e1is de mil persoas acudir\u00e1n \u00e1s xornadas de formaci\u00f3n e convivencia sobre Software Libre \u00ab<strong><a href=\"http:\/\/www.e-verano.org\/edicion\/2007\/\" target=\"_blank\" title=\"http:\/\/www.e-verano.org\/edicion\/2007\/\" rel=\"noopener\">E-verano.org<\/a>, unha mirada \u00e1 sociedade libre\u00bb<\/strong> que ter\u00e1 lugar na Universidade Pablo de Olavide de Sevilla, do 16 ao 29 de xullo.<\/p>\n<div align=\"justify\">  <\/div>\n<p align=\"justify\">A iniciativa abranguer\u00e1 diferentes actividades como conferencias, cursos, simposios e debates. Para al\u00e9n diso, incl\u00fae a realizaci\u00f3n do I Encontro Nacional de Software Libre, no que reco\u00f1ecidos expertos do \u00e1mbito nacional e internacional informar\u00e1n sobre as  \u00faltimas tecnolox\u00edas desenvolvidas baixo a filosof\u00eda do co\u00f1ecemento libre e das normativas que o rexen, centr\u00e1ndose especialmente na actual Lei de Impulso da Sociedade da Informaci\u00f3n (LISI)&#8230;<\/p>\n","protected":false},"author":5,"featured_media":471,"comment_status":"open","ping_status":"open","sticky":false,"template":"","format":"standard","meta":{"footnotes":""},"categories":[],"tags":[],"class_list":["post-36227","post","type-post","status-publish","format-standard","has-post-thumbnail","hentry"],"acf":[],"_links":{"self":[{"href":"https:\/\/mancomun.gal\/es\/wp-json\/wp\/v2\/posts\/36227","targetHints":{"allow":["GET"]}}],"collection":[{"href":"https:\/\/mancomun.gal\/es\/wp-json\/wp\/v2\/posts"}],"about":[{"href":"https:\/\/mancomun.gal\/es\/wp-json\/wp\/v2\/types\/post"}],"author":[{"embeddable":true,"href":"https:\/\/mancomun.gal\/es\/wp-json\/wp\/v2\/users\/5"}],"replies":[{"embeddable":true,"href":"https:\/\/mancomun.gal\/es\/wp-json\/wp\/v2\/comments?post=36227"}],"version-history":[{"count":1,"href":"https:\/\/mancomun.gal\/es\/wp-json\/wp\/v2\/posts\/36227\/revisions"}],"predecessor-version":[{"id":36228,"href":"https:\/\/mancomun.gal\/es\/wp-json\/wp\/v2\/posts\/36227\/revisions\/36228"}],"wp:featuredmedia":[{"embeddable":true,"href":"https:\/\/mancomun.gal\/es\/wp-json\/wp\/v2\/media\/471"}],"wp:attachment":[{"href":"https:\/\/mancomun.gal\/es\/wp-json\/wp\/v2\/media?parent=36227"}],"wp:term":[{"taxonomy":"category","embeddable":true,"href":"https:\/\/mancomun.gal\/es\/wp-json\/wp\/v2\/categories?post=36227"},{"taxonomy":"post_tag","embeddable":true,"href":"https:\/\/mancomun.gal\/es\/wp-json\/wp\/v2\/tags?post=36227"}],"curies":[{"name":"wp","href":"https:\/\/api.w.org\/{rel}","templated":true}]}}