{"id":36231,"date":"2007-07-02T12:47:05","date_gmt":"2007-07-02T10:47:05","guid":{"rendered":"https:\/\/mancomun.gal\/a-forxa-supera-os-100-usuarios-rexistrados\/"},"modified":"2023-05-09T18:49:09","modified_gmt":"2023-05-09T16:49:09","slug":"a-forxa-supera-os-100-usuarios-rexistrados","status":"publish","type":"post","link":"https:\/\/mancomun.gal\/es\/a-forxa-supera-os-100-usuarios-rexistrados\/","title":{"rendered":"A forxa supera os 100 usuarios rexistrados"},"content":{"rendered":"<div align=\"justify\"><img loading=\"lazy\" decoding=\"async\" src=\"https:\/\/mancomun.gal\/wp-content\/uploads\/2022\/09\/logo_forxa.png\" border=\"0\" alt=\"http:\/\/www.mancomun.org\/images\/stories\/logo_forxa.png\" title=\"http:\/\/www.mancomun.org\/images\/stories\/logo_forxa.png\" hspace=\"7\" vspace=\"7\" width=\"144\" height=\"32\" align=\"left\" \/> A <a href=\"https:\/\/forxa.mancomun.org\">forxa de mancom\u00fan<\/a> supera os 100 usuarios e chega xa a 45 proxectos en diferentes \u00e1reas tem\u00e1ticas. Desde a s\u00faa creaci\u00f3n, a forxa \u00e9 un importante referente galego no \u00e1mbito do Software Libre. O crecemento dos proxectos d\u00e1se, sobre todo, nas \u00e1reas de \u00abUniversidades\u00bb e de \u00abAdministraci\u00f3n p\u00fablica\u00bb&#8230; <\/div>\n<p><\/p>\n<p align=\"justify\">\u00a0<\/p>\n<div style=\"text-align: center\"><img loading=\"lazy\" decoding=\"async\" src=\"https:\/\/www.mancomun.gal\/uploads\/pics\/stories\/grafica_forxa.jpg\" border=\"0\" alt=\"http:\/\/www.mancomun.org\/images\/stories\/grafica_forxa.jpg\" title=\"http:\/\/www.mancomun.org\/images\/stories\/grafica_forxa.jpg\" vspace=\"5\" width=\"539\" height=\"305\" \/><\/div>\n<p><\/p>\n<p>\u00a0<\/p>\n<p align=\"justify\">\u00a0<\/p>\n<div align=\"justify\">\n<ul>\n<li>Administraci\u00f3n P\u00fablica (7 proxectos)<\/li>\n<li>Concellos (2 proxectos)<\/li>\n<li>Ensino primario \/ secundario (5 proxectos)<\/li>\n<li>MicroPEMES (1 proxectos)<\/li>\n<li>Ocio (3 proxectos)<\/li>\n<li>Outros colectivos (10 proxectos)<\/li>\n<li>PEME (5 proxectos)<\/li>\n<li>Universidades (7 proxectos)<\/li>\n<\/ul><\/div>\n<p align=\"justify\">\u00a0<\/p>\n<div align=\"justify\">  <\/div>\n<p align=\"justify\">Desde o seu comezo, a Forxa conta cunha comunidade activa dedicada a proxectos de diferente \u00edndole tem\u00e1tica cun crecemento progresivo e constante, sobre todo nas \u00e1reas anteriormente citadas e tam\u00e9n no \u00e1mbito das PEME.<\/p>\n<div align=\"justify\">  <\/div>\n<p align=\"justify\">O seu futuro pasa por proxectos de xesti\u00f3n para PEME como a xesti\u00f3n de vendas (<a href=\"https:\/\/forxa.mancomun.org\/projects\/xestor-vendas\">TPV<\/a>, <a href=\"https:\/\/forxa.mancomun.org\/projects\/cyberhotel\">o xestor de hotel<\/a>, etc).<\/p>\n<div align=\"justify\">  <\/div>\n<p align=\"justify\">C\u00f3mpre salientarmos os proxectos: <a href=\"https:\/\/forxa.mancomun.org\/projects\/traducindote\">Traduc\u00edndote<\/a>, e gtranslator do que se est\u00e1 a facer unha completa reconstruci\u00f3n.<\/p>\n<div align=\"justify\">  <\/div>\n<p align=\"justify\">Para al\u00e9n diso, a Forxa conta tam\u00e9n con novos proxectos como SXBD est\u00e1ndar-completo, a Xesti\u00f3n documental de centros educativos, o loga, a reenxe\u00f1ar\u00eda de gtranslator etc. que est\u00e1n a ser un \u00e9xito.<\/p>\n<div align=\"justify\">  <\/div>\n<p align=\"justify\">Este \u00e9xito \u00e9 tam\u00e9n posible debido \u00e1 diversidade de \u00e1reas en que a comunidade est\u00e1 especializada, un feito que fai da Forxa un proxecto moito m\u00e1is rico e atractivo.<\/p>\n","protected":false},"excerpt":{"rendered":"<div align=\"justify\"><img loading=\"lazy\" decoding=\"async\" src=\"https:\/\/www.mancomun.gal\/wp-content\/uploads\/uploads\/pics\/stories\/logo_forxa.png\" border=\"0\" alt=\"http:\/\/www.mancomun.org\/images\/stories\/logo_forxa.png\" title=\"http:\/\/www.mancomun.org\/images\/stories\/logo_forxa.png\" hspace=\"7\" vspace=\"7\" width=\"144\" height=\"32\" align=\"left\" \/> A <a href=\"https:\/\/forxa.mancomun.org\">forxa de mancom\u00fan<\/a> supera os 100 usuarios e chega xa a 45 proxectos en diferentes \u00e1reas tem\u00e1ticas. Desde a s\u00faa creaci\u00f3n, a forxa \u00e9 un importante referente galego no \u00e1mbito do Software Libre. O crecemento dos proxectos d\u00e1se, sobre todo, nas \u00e1reas de \u00abUniversidades\u00bb e de \u00abAdministraci\u00f3n p\u00fablica\u00bb&#8230; <\/div>\n","protected":false},"author":5,"featured_media":1221,"comment_status":"open","ping_status":"open","sticky":false,"template":"","format":"standard","meta":{"footnotes":""},"categories":[],"tags":[],"class_list":["post-36231","post","type-post","status-publish","format-standard","has-post-thumbnail","hentry"],"acf":[],"_links":{"self":[{"href":"https:\/\/mancomun.gal\/es\/wp-json\/wp\/v2\/posts\/36231","targetHints":{"allow":["GET"]}}],"collection":[{"href":"https:\/\/mancomun.gal\/es\/wp-json\/wp\/v2\/posts"}],"about":[{"href":"https:\/\/mancomun.gal\/es\/wp-json\/wp\/v2\/types\/post"}],"author":[{"embeddable":true,"href":"https:\/\/mancomun.gal\/es\/wp-json\/wp\/v2\/users\/5"}],"replies":[{"embeddable":true,"href":"https:\/\/mancomun.gal\/es\/wp-json\/wp\/v2\/comments?post=36231"}],"version-history":[{"count":1,"href":"https:\/\/mancomun.gal\/es\/wp-json\/wp\/v2\/posts\/36231\/revisions"}],"predecessor-version":[{"id":36232,"href":"https:\/\/mancomun.gal\/es\/wp-json\/wp\/v2\/posts\/36231\/revisions\/36232"}],"wp:featuredmedia":[{"embeddable":true,"href":"https:\/\/mancomun.gal\/es\/wp-json\/wp\/v2\/media\/1221"}],"wp:attachment":[{"href":"https:\/\/mancomun.gal\/es\/wp-json\/wp\/v2\/media?parent=36231"}],"wp:term":[{"taxonomy":"category","embeddable":true,"href":"https:\/\/mancomun.gal\/es\/wp-json\/wp\/v2\/categories?post=36231"},{"taxonomy":"post_tag","embeddable":true,"href":"https:\/\/mancomun.gal\/es\/wp-json\/wp\/v2\/tags?post=36231"}],"curies":[{"name":"wp","href":"https:\/\/api.w.org\/{rel}","templated":true}]}}