{"id":36237,"date":"2007-07-03T08:31:41","date_gmt":"2007-07-03T06:31:41","guid":{"rendered":"https:\/\/mancomun.gal\/a-rede-de-dinamizacion-e-mancomun-org-organizan-unha-charla-sobre-software-libre-en-barbadas\/"},"modified":"2023-05-09T18:53:46","modified_gmt":"2023-05-09T16:53:46","slug":"a-rede-de-dinamizacion-e-mancomun-org-organizan-unha-charla-sobre-software-libre-en-barbadas","status":"publish","type":"post","link":"https:\/\/mancomun.gal\/es\/a-rede-de-dinamizacion-e-mancomun-org-organizan-unha-charla-sobre-software-libre-en-barbadas\/","title":{"rendered":"A Rede de Dinamizaci\u00f3n e mancomun.org organizan unha charla sobre Software Libre en Barbad\u00e1s"},"content":{"rendered":"<p align=\"justify\"><a href=\"https:\/\/dinamiza.sociedadedainformacion.eu\/web\/index.php?mod=noticias_centro&#038;idc=50&#038;ide=125\" target=\"_blank\" title=\"https:\/\/dinamiza.sociedadedainformacion.eu\/web\/index.php?mod=noticias_centro&#038;idc=50&#038;ide=125\" rel=\"noopener\"><img loading=\"lazy\" decoding=\"async\" src=\"https:\/\/www.mancomun.gal\/wp-content\/uploads\/uploads\/pics\/banners\/rede-dinamizadores-banner.jpg\" border=\"0\" alt=\"http:\/\/www.mancomun.org\/images\/banners\/rede-dinamizadores-banner.jpg\" title=\"http:\/\/www.mancomun.org\/images\/banners\/rede-dinamizadores-banner.jpg\" hspace=\"7\" vspace=\"7\" width=\"120\" height=\"56\" align=\"right\" \/><\/a> A charla ter\u00e1 lugar o <a href=\"index.php?option=com_extcalendar&#038;Itemid=99999999&#038;extmode=view&#038;extid=196\" target=\"_blank\" title=\"http:\/\/www.mancomun.org\/index.php?option=com_extcalendar&#038;Itemid=99999999&#038;extmode=view&#038;extid=196\" rel=\"noopener\">venres 6 de xullo \u00e1s 4 da tarde<\/a>  na aula de inform\u00e1tica de Apetamcor, en Barbad\u00e1s, Ourense. <\/p>\n<p align=\"justify\">Con esta charla a <a href=\"https:\/\/dinamiza.sociedadedainformacion.eu\/\" target=\"_blank\" title=\"https:\/\/dinamiza.sociedadedainformacion.eu\/\" rel=\"noopener\">Rede de Dinamizaci\u00f3n da Direcci\u00f3n Xeral de Promoci\u00f3n Industrial e Sociedade da Informaci\u00f3n<\/a>  pretende acadar varios obxectivos, entre eles promocionar e difundir o uso do Software Libre, tanto para particulares como para empresas, as\u00ed como potenciar o uso de aplicaci\u00f3ns inform\u00e1ticas na nosa lingua.<\/p>\n<div align=\"justify\">Esta actividade de introduci\u00f3n \u00e9 moi interesante pensando nos cursos de Software Libre que se est\u00e1n a ofertar neste momento na asociaci\u00f3n, xa que a meirande parte dos\/as asociados\/as non co\u00f1ecen este tipo de software&#8230;<\/div>\n<p><\/p>\n<p align=\"justify\">Tam\u00e9n se pretende dar a co\u00f1ecer o labor de mancomun.org e as diferentes iniciativas que se desenvolven desde diferentes \u00e1mbitos.<\/p>\n<p align=\"justify\">Evento engadido \u00e1 \u00abAxenda de eventos\u00bb de mancomun.org:<br \/><a href=\"https:\/\/www.mancomun.gal\/index.php?option=com_extcalendar&#038;Itemid=99999999&#038;extmode=view&#038;extid=196\" target=\"_blank\" title=\"http:\/\/www.mancomun.org\/index.php?option=com_extcalendar&#038;Itemid=99999999&#038;extmode=view&#038;extid=196\" rel=\"noopener\">Axenda de eventos<\/a> <\/p>\n<p>Fonte:<br \/><a href=\"https:\/\/dinamiza.sociedadedainformacion.eu\" target=\"_blank\" title=\"https:\/\/dinamiza.sociedadedainformacion.eu\/ \" rel=\"noopener\">https:\/\/dinamiza.sociedadedainformacion.eu<\/a> <\/p>\n","protected":false},"excerpt":{"rendered":"<p align=\"justify\"><a href=\"https:\/\/dinamiza.sociedadedainformacion.eu\/web\/index.php?mod=noticias_centro&#038;idc=50&#038;ide=125\" target=\"_blank\" title=\"https:\/\/dinamiza.sociedadedainformacion.eu\/web\/index.php?mod=noticias_centro&#038;idc=50&#038;ide=125\" rel=\"noopener\"><img loading=\"lazy\" decoding=\"async\" src=\"https:\/\/www.mancomun.gal\/wp-content\/uploads\/uploads\/pics\/banners\/rede-dinamizadores-banner.jpg\" border=\"0\" alt=\"http:\/\/www.mancomun.org\/images\/banners\/rede-dinamizadores-banner.jpg\" title=\"http:\/\/www.mancomun.org\/images\/banners\/rede-dinamizadores-banner.jpg\" hspace=\"7\" vspace=\"7\" width=\"120\" height=\"56\" align=\"right\" \/><\/a> A charla ter\u00e1 lugar o <a href=\"index.php?option=com_extcalendar&#038;Itemid=99999999&#038;extmode=view&#038;extid=196\" target=\"_blank\" title=\"http:\/\/www.mancomun.org\/index.php?option=com_extcalendar&#038;Itemid=99999999&#038;extmode=view&#038;extid=196\" rel=\"noopener\">venres 6 de xullo \u00e1s 4 da tarde<\/a>  na aula de inform\u00e1tica de Apetamcor, en Barbad\u00e1s, Ourense. <\/p>\n<p align=\"justify\">Con esta charla a <a href=\"https:\/\/dinamiza.sociedadedainformacion.eu\/\" target=\"_blank\" title=\"https:\/\/dinamiza.sociedadedainformacion.eu\/\" rel=\"noopener\">Rede de Dinamizaci\u00f3n da Direcci\u00f3n Xeral de Promoci\u00f3n Industrial e Sociedade da Informaci\u00f3n<\/a>  pretende acadar varios obxectivos, entre eles promocionar e difundir o uso do Software Libre, tanto para particulares como para empresas, as\u00ed como potenciar o uso de aplicaci\u00f3ns inform\u00e1ticas na nosa lingua.<\/p>\n<div align=\"justify\">Esta actividade de introduci\u00f3n \u00e9 moi interesante pensando nos cursos de Software Libre que se est\u00e1n a ofertar neste momento na asociaci\u00f3n, xa que a meirande parte dos\/as asociados\/as non co\u00f1ecen este tipo de software&#8230;<\/div>\n","protected":false},"author":5,"featured_media":0,"comment_status":"open","ping_status":"open","sticky":false,"template":"","format":"standard","meta":{"footnotes":""},"categories":[],"tags":[],"class_list":["post-36237","post","type-post","status-publish","format-standard","hentry"],"acf":[],"_links":{"self":[{"href":"https:\/\/mancomun.gal\/es\/wp-json\/wp\/v2\/posts\/36237","targetHints":{"allow":["GET"]}}],"collection":[{"href":"https:\/\/mancomun.gal\/es\/wp-json\/wp\/v2\/posts"}],"about":[{"href":"https:\/\/mancomun.gal\/es\/wp-json\/wp\/v2\/types\/post"}],"author":[{"embeddable":true,"href":"https:\/\/mancomun.gal\/es\/wp-json\/wp\/v2\/users\/5"}],"replies":[{"embeddable":true,"href":"https:\/\/mancomun.gal\/es\/wp-json\/wp\/v2\/comments?post=36237"}],"version-history":[{"count":1,"href":"https:\/\/mancomun.gal\/es\/wp-json\/wp\/v2\/posts\/36237\/revisions"}],"predecessor-version":[{"id":36238,"href":"https:\/\/mancomun.gal\/es\/wp-json\/wp\/v2\/posts\/36237\/revisions\/36238"}],"wp:attachment":[{"href":"https:\/\/mancomun.gal\/es\/wp-json\/wp\/v2\/media?parent=36237"}],"wp:term":[{"taxonomy":"category","embeddable":true,"href":"https:\/\/mancomun.gal\/es\/wp-json\/wp\/v2\/categories?post=36237"},{"taxonomy":"post_tag","embeddable":true,"href":"https:\/\/mancomun.gal\/es\/wp-json\/wp\/v2\/tags?post=36237"}],"curies":[{"name":"wp","href":"https:\/\/api.w.org\/{rel}","templated":true}]}}