{"id":36242,"date":"2007-07-18T01:00:00","date_gmt":"2007-07-17T23:00:00","guid":{"rendered":"https:\/\/mancomun.gal\/o-cefore-de-santiago-organiza-un-curso-para-afondar-no-uso-de-software-libre-nas-redes-de-usuario\/"},"modified":"2023-05-09T18:53:51","modified_gmt":"2023-05-09T16:53:51","slug":"o-cefore-de-santiago-organiza-un-curso-para-afondar-no-uso-de-software-libre-nas-redes-de-usuario","status":"publish","type":"post","link":"https:\/\/mancomun.gal\/es\/o-cefore-de-santiago-organiza-un-curso-para-afondar-no-uso-de-software-libre-nas-redes-de-usuario\/","title":{"rendered":"O Cefore de Santiago organiza un curso para afondar no uso de Software Libre nas redes de usuario"},"content":{"rendered":"<div align=\"justify\">O Centro de Formaci\u00f3n e Recursos de Santiago de Compostela organizou no mes de xullo un curso titulado <em><a href=\"https:\/\/www.edu.xunta.es\/fprof\/preparaConsultaPublica.do\" target=\"_blank\" title=\"Contidos do curso\" rel=\"noopener\">Dese\u00f1o, implantaci\u00f3n e configuraci\u00f3n de dominios Linux<\/a>  <\/em>para ensinar aos docentes de ciclos de formaci\u00f3n profesional a empregar o Software Libre tanto como usuarios como a xestionar redes baseadas en sistemas libres nos seus centros. O curso foi impartido polos profesores de inform\u00e1tica Carlos Carri\u00f3n, profesor do <a href=\"http:\/\/www.iessanclemente.net\/\" target=\"_blank\" title=\"IES San Clemente\" rel=\"noopener\">I.E.S. San Clemente<\/a>  de Santiago de Compostela, e Antonio de Andr\u00e9s,  profesor do <a href=\"http:\/\/www.google.com\/url?sa=t&#038;ct=res&#038;cd=1&#038;url=http%3A%2F%2Fcentros.edu.xunta.es%2Fiespazodamerce%2F&#038;ei=ofidRvWdKJfKnAOFq7T7BA&#038;usg=AFQjCNH5LNTzocfWCnLKaVnW_cBqqbZACg&#038;sig2=j2qqbHVvwgzabj6Pr-vXMQ\" target=\"_blank\" title=\"IES Pazo da Merc\u00e9\" rel=\"noopener\">I.E.S. Pazo de Merc\u00e9<\/a>  onde se imparten os ciclos formativos de administraci\u00f3n de sistemas inform\u00e1ticos e desenvolvemento de aplicaci\u00f3ns inform\u00e1ticas.<\/div>\n<div align=\"justify\">\n<div style=\"text-align: center\"><img loading=\"lazy\" decoding=\"async\" src=\"https:\/\/mancomun.gal\/wp-content\/uploads\/2022\/09\/carrioncurso.jpg\" alt=\"Curso do Cefore de Santiago\" title=\"Curso do Cefore de Santiago\" width=\"181\" height=\"120\" \/><\/div>\n<div align=\"center\"><strong>Sesi\u00f3n do curso celebrado no I.E.S. San Clemente<\/strong><\/div>\n<\/div>\n<div align=\"justify\">\u00a0<\/div>\n<p><\/p>\n<p align=\"justify\">Esta acci\u00f3n formativa, de trinta horas de duraci\u00f3n e con 29 matriculados, foi dirixida a profesores de ciclos formativos de inform\u00e1tica pero tam\u00e9n da rama electr\u00f3nica ou administrativa e est\u00e1 pensada para que os docentes comproben que poden facer o mesmo en GNU\/Linux ca en Windows e que pode ser unha ferramenta importante e de f\u00e1cil manexo para a s\u00faa actividade educativa. Dado o diverso co\u00f1ecemento sobre Software Libre dos matriculados, alg\u00fans segundo nos contan sab\u00edan m\u00e1is ca eles, optouse por comezar desde cero e partir dun nivel b\u00e1sico.\u00a0  <\/p>\n<p align=\"justify\">Segundo Carlos Carri\u00f3n o obxectivo de m\u00ednimos do curso ser\u00eda que cada profesor tivese, cando menos, un arrinque dual no seu computador con GNU\/Linux e Windows \u00e9 que se decate de que pode funcionar sen dificultades cun sistema operativo libre. Por unha banda ensin\u00f3uselle aos alumnos todo o que Linux pode ofrecer en canto a aplicaci\u00f3ns e potencialidades. Por outra banda que en Linux p\u00f3dese traballar cun sistema de usuarios polo que pode acceder \u00e1s s\u00faas aplicaci\u00f3ns e aos seus documentos en calquera outro computador.<\/p>\n<p align=\"justify\">Os responsables do curso tentaron cambiar un pouco a metodolox\u00eda did\u00e1ctica. En anteriores acci\u00f3ns formativas tent\u00e1base facer documentaci\u00f3n que fose click a click describindo os diferentes procesos que se levaban a cabo.\u00a0 Esta vez optouse por un <a href=\"http:\/\/www.iessanclemente.net:8181\/wikilinux\/index.php\/Portada\" target=\"_blank\" title=\"Wiki de Mancomun.org\" rel=\"noopener\">wiki<\/a>  que, segundo nos conta Antonio de Andr\u00e9s, ten coma vantaxe ademais do dinamismo que ten este formato dixital sobre o papel o feito de poder ser ampliados e actualizados. De feito reco\u00f1ecen que a documentaci\u00f3n xerada excede os propios l\u00edmites do curso pero que servir\u00e1 de referencia para os alumnos e permitir\u00e1 engadir contidos novos de xeito peri\u00f3dico. \u00a0 \u00a0<\/p>\n<p align=\"justify\">Tentouse evitar en todo momento a temida consola de comandos e recorrer a aplicaci\u00f3ns gr\u00e1ficas como as distros Ubuntu ou Mandriva e a administraci\u00f3n de sistemas Unix Webmin. Procurouse po\u00f1er m\u00e1is sinxelas posibles como adaptar o men\u00fa contextual que sae ao premer co bot\u00f3n dereito para que apareza a opci\u00f3n de abrir como superusuario.\u00a0 \u00a0<\/p>\n<p align=\"justify\"><strong>Software Libre nos centros\u00a0<\/strong><\/p>\n<p align=\"justify\">Os responsables do curso confirman o crecente interese polo Software Libre entre os ensinantes. Explican que este cambio \u00e9 lento pero que debe ser as\u00ed para que o cambio non sexa traum\u00e1tico e contraproducente por iso os materiais did\u00e1cticos prestan atenci\u00f3n a tecnolox\u00edas h\u00edbridas que nun primeiro momento poden servir de chanzo intermedio para a migraci\u00f3n.\u00a0<\/p>\n<p align=\"justify\">O factor clave seg\u00fan afirma Antonio de Andr\u00e9s \u00e9 a vontade dos usuarios de cambiar, algo que cada vez \u00e9 m\u00e1is palpable, ao existir xa unha tecnolox\u00eda que permite un f\u00e1cil manexo das ferramentas inform\u00e1ticas. Sen embargo os h\u00e1bitos adquiridos fai que a xente vexa os defectos de Linux e non os de Windows simplemente porque son problemas novos e o usuario xa leva investido moito tempo no sistema propietario. \u00c9 m\u00e1is, avogan por destru\u00edr o mito de que Linux \u00e9 un sistema perfecto xa que isto funciona como arma de dobre f\u00edo para as persoas que se enfrontan con el por primeira vez. Simplemente se trata dun sistema operativo cos seus defectos e evidentes vantaxes.<\/p>\n<p align=\"justify\">Quizais a clave estea no que apunta Carlos Carri\u00f3n: cando os usuarios menos interesados na inform\u00e1tica e sen especial interese na inform\u00e1tica accedan coa mesma facilidade a un computador con Linux que a un con Windows terase acadado a igualdade.\u00a0 \u00a0<\/p>\n<p align=\"justify\">\u00a0<\/p>\n","protected":false},"excerpt":{"rendered":"<div align=\"justify\">O Centro de Formaci\u00f3n e Recursos de Santiago de Compostela organizou no mes de xullo un curso titulado <em><a href=\"https:\/\/www.edu.xunta.es\/fprof\/preparaConsultaPublica.do\" target=\"_blank\" title=\"Contidos do curso\" rel=\"noopener\">Dese\u00f1o, implantaci\u00f3n e configuraci\u00f3n de dominios Linux<\/a>  <\/em>para ensinar aos docentes de ciclos de formaci\u00f3n profesional a empregar o Software Libre tanto como usuarios como a xestionar redes baseadas en sistemas libres nos seus centros. O curso foi impartido polos profesores de inform\u00e1tica Carlos Carri\u00f3n, profesor do <a href=\"http:\/\/www.iessanclemente.net\/\" target=\"_blank\" title=\"IES San Clemente\" rel=\"noopener\">I.E.S. San Clemente<\/a>  de Santiago de Compostela, e Antonio de Andr\u00e9s,  profesor do <a href=\"http:\/\/www.google.com\/url?sa=t&#038;ct=res&#038;cd=1&#038;url=http%3A%2F%2Fcentros.edu.xunta.es%2Fiespazodamerce%2F&#038;ei=ofidRvWdKJfKnAOFq7T7BA&#038;usg=AFQjCNH5LNTzocfWCnLKaVnW_cBqqbZACg&#038;sig2=j2qqbHVvwgzabj6Pr-vXMQ\" target=\"_blank\" title=\"IES Pazo da Merc\u00e9\" rel=\"noopener\">I.E.S. Pazo de Merc\u00e9<\/a>  onde se imparten os ciclos formativos de administraci\u00f3n de sistemas inform\u00e1ticos e desenvolvemento de aplicaci\u00f3ns inform\u00e1ticas.<\/div>\n<div align=\"justify\">\n<div style=\"text-align: center\"><img loading=\"lazy\" decoding=\"async\" src=\"https:\/\/www.mancomun.gal\/wp-content\/uploads\/uploads\/pics\/stories\/carrioncurso.jpg\" alt=\"Curso do Cefore de Santiago\" title=\"Curso do Cefore de Santiago\" width=\"181\" height=\"120\" \/><\/div>\n<div align=\"center\"><strong>Sesi\u00f3n do curso celebrado no I.E.S. San Clemente<\/strong><\/div>\n<\/div>\n<div align=\"justify\">\u00a0<\/div>\n","protected":false},"author":5,"featured_media":2227,"comment_status":"open","ping_status":"open","sticky":false,"template":"","format":"standard","meta":{"footnotes":""},"categories":[],"tags":[],"class_list":["post-36242","post","type-post","status-publish","format-standard","has-post-thumbnail","hentry"],"acf":[],"_links":{"self":[{"href":"https:\/\/mancomun.gal\/es\/wp-json\/wp\/v2\/posts\/36242","targetHints":{"allow":["GET"]}}],"collection":[{"href":"https:\/\/mancomun.gal\/es\/wp-json\/wp\/v2\/posts"}],"about":[{"href":"https:\/\/mancomun.gal\/es\/wp-json\/wp\/v2\/types\/post"}],"author":[{"embeddable":true,"href":"https:\/\/mancomun.gal\/es\/wp-json\/wp\/v2\/users\/5"}],"replies":[{"embeddable":true,"href":"https:\/\/mancomun.gal\/es\/wp-json\/wp\/v2\/comments?post=36242"}],"version-history":[{"count":1,"href":"https:\/\/mancomun.gal\/es\/wp-json\/wp\/v2\/posts\/36242\/revisions"}],"predecessor-version":[{"id":36243,"href":"https:\/\/mancomun.gal\/es\/wp-json\/wp\/v2\/posts\/36242\/revisions\/36243"}],"wp:featuredmedia":[{"embeddable":true,"href":"https:\/\/mancomun.gal\/es\/wp-json\/wp\/v2\/media\/2227"}],"wp:attachment":[{"href":"https:\/\/mancomun.gal\/es\/wp-json\/wp\/v2\/media?parent=36242"}],"wp:term":[{"taxonomy":"category","embeddable":true,"href":"https:\/\/mancomun.gal\/es\/wp-json\/wp\/v2\/categories?post=36242"},{"taxonomy":"post_tag","embeddable":true,"href":"https:\/\/mancomun.gal\/es\/wp-json\/wp\/v2\/tags?post=36242"}],"curies":[{"name":"wp","href":"https:\/\/api.w.org\/{rel}","templated":true}]}}