{"id":36248,"date":"2007-07-04T08:29:53","date_gmt":"2007-07-04T06:29:53","guid":{"rendered":"https:\/\/mancomun.gal\/traducion-do-drupal-5-x-ao-galego-disponible-na-paxina-oficial\/"},"modified":"2023-05-09T18:53:56","modified_gmt":"2023-05-09T16:53:56","slug":"traducion-do-drupal-5-x-ao-galego-disponible-na-paxina-oficial","status":"publish","type":"post","link":"https:\/\/mancomun.gal\/es\/traducion-do-drupal-5-x-ao-galego-disponible-na-paxina-oficial\/","title":{"rendered":"Traduci\u00f3n do Drupal 5.x ao galego dispo\u00f1ible na p\u00e1xina oficial"},"content":{"rendered":"<p align=\"justify\"><a href=\"http:\/\/drupal.org\/project\/gl\" target=\"_blank\" title=\"http:\/\/drupal.org\/project\/gl\" rel=\"noopener\"><img loading=\"lazy\" decoding=\"async\" src=\"https:\/\/mancomun.gal\/wp-content\/uploads\/2022\/09\/drupal.png\" border=\"0\" alt=\"http:\/\/www.mancomun.org\/images\/stories\/drupal.png\" title=\"http:\/\/www.mancomun.org\/images\/stories\/drupal.png\" hspace=\"7\" vspace=\"7\" width=\"89\" height=\"103\" align=\"left\" \/><\/a> A xente do GLUG ven de anunciar a dispo\u00f1ibilidade oficial da traduci\u00f3n do Drupal 5.x ao galego dende a s\u00faa p\u00e1xina web oficial.<\/p>\n<p align=\"justify\">Este \u00e9 <a href=\"http:\/\/www.glug.es\/node\/2356\" target=\"_blank\" title=\"http:\/\/www.glug.es\/node\/2356\" rel=\"noopener\">o anuncio na web de GLUG<\/a>:<br \/>\u00abDespois dalg\u00fans meses de espera, o <a href=\"http:\/\/groups.drupal.org\/galiza\" target=\"_blank\" title=\"http:\/\/groups.drupal.org\/galiza\" rel=\"noopener\">Grupo de Traduci\u00f3n de Drupal \u00f3 galego<\/a> arranxou os problemas que se presentaban no repositorio, que imped\u00edan que estivera dispo\u00f1ible na secci\u00f3n de descargas dende a p\u00e1xina oficial de Drupal.org.<br \/> Polo tanto <a href=\"http:\/\/drupal.org\/project\/gl\" target=\"_blank\" title=\"http:\/\/drupal.org\/project\/gl\" rel=\"noopener\">aqu\u00ed est\u00e1 a ligaz\u00f3n<\/a>. Agradecer\u00edase que se se atopa algunha incorrecci\u00f3n se reportara para arranxala.\u00bb&#8230; <\/p>\n<p><\/p>\n<p>Fonte:<br \/><a href=\"http:\/\/www.glug.es\/node\/2356\" target=\"_blank\" title=\"http:\/\/www.glug.es\/node\/2356\" rel=\"noopener\">http:\/\/www.glug.es<\/a> <\/p>\n<p>\u00a0<\/p>\n","protected":false},"excerpt":{"rendered":"<p align=\"justify\"><a href=\"http:\/\/drupal.org\/project\/gl\" target=\"_blank\" title=\"http:\/\/drupal.org\/project\/gl\" rel=\"noopener\"><img loading=\"lazy\" decoding=\"async\" src=\"https:\/\/www.mancomun.gal\/wp-content\/uploads\/uploads\/pics\/stories\/drupal.png\" border=\"0\" alt=\"http:\/\/www.mancomun.org\/images\/stories\/drupal.png\" title=\"http:\/\/www.mancomun.org\/images\/stories\/drupal.png\" hspace=\"7\" vspace=\"7\" width=\"89\" height=\"103\" align=\"left\" \/><\/a> A xente do GLUG ven de anunciar a dispo\u00f1ibilidade oficial da traduci\u00f3n do Drupal 5.x ao galego dende a s\u00faa p\u00e1xina web oficial.<\/p>\n<p align=\"justify\">Este \u00e9 <a href=\"http:\/\/www.glug.es\/node\/2356\" target=\"_blank\" title=\"http:\/\/www.glug.es\/node\/2356\" rel=\"noopener\">o anuncio na web de GLUG<\/a>:<br \/>\u00abDespois dalg\u00fans meses de espera, o <a href=\"http:\/\/groups.drupal.org\/galiza\" target=\"_blank\" title=\"http:\/\/groups.drupal.org\/galiza\" rel=\"noopener\">Grupo de Traduci\u00f3n de Drupal \u00f3 galego<\/a> arranxou os problemas que se presentaban no repositorio, que imped\u00edan que estivera dispo\u00f1ible na secci\u00f3n de descargas dende a p\u00e1xina oficial de Drupal.org.<br \/> Polo tanto <a href=\"http:\/\/drupal.org\/project\/gl\" target=\"_blank\" title=\"http:\/\/drupal.org\/project\/gl\" rel=\"noopener\">aqu\u00ed est\u00e1 a ligaz\u00f3n<\/a>. Agradecer\u00edase que se se atopa algunha incorrecci\u00f3n se reportara para arranxala.\u00bb&#8230; <\/p>\n","protected":false},"author":5,"featured_media":458,"comment_status":"open","ping_status":"open","sticky":false,"template":"","format":"standard","meta":{"footnotes":""},"categories":[],"tags":[],"class_list":["post-36248","post","type-post","status-publish","format-standard","has-post-thumbnail","hentry"],"acf":[],"_links":{"self":[{"href":"https:\/\/mancomun.gal\/es\/wp-json\/wp\/v2\/posts\/36248","targetHints":{"allow":["GET"]}}],"collection":[{"href":"https:\/\/mancomun.gal\/es\/wp-json\/wp\/v2\/posts"}],"about":[{"href":"https:\/\/mancomun.gal\/es\/wp-json\/wp\/v2\/types\/post"}],"author":[{"embeddable":true,"href":"https:\/\/mancomun.gal\/es\/wp-json\/wp\/v2\/users\/5"}],"replies":[{"embeddable":true,"href":"https:\/\/mancomun.gal\/es\/wp-json\/wp\/v2\/comments?post=36248"}],"version-history":[{"count":1,"href":"https:\/\/mancomun.gal\/es\/wp-json\/wp\/v2\/posts\/36248\/revisions"}],"predecessor-version":[{"id":36249,"href":"https:\/\/mancomun.gal\/es\/wp-json\/wp\/v2\/posts\/36248\/revisions\/36249"}],"wp:featuredmedia":[{"embeddable":true,"href":"https:\/\/mancomun.gal\/es\/wp-json\/wp\/v2\/media\/458"}],"wp:attachment":[{"href":"https:\/\/mancomun.gal\/es\/wp-json\/wp\/v2\/media?parent=36248"}],"wp:term":[{"taxonomy":"category","embeddable":true,"href":"https:\/\/mancomun.gal\/es\/wp-json\/wp\/v2\/categories?post=36248"},{"taxonomy":"post_tag","embeddable":true,"href":"https:\/\/mancomun.gal\/es\/wp-json\/wp\/v2\/tags?post=36248"}],"curies":[{"name":"wp","href":"https:\/\/api.w.org\/{rel}","templated":true}]}}