{"id":36250,"date":"2007-07-04T08:46:55","date_gmt":"2007-07-04T06:46:55","guid":{"rendered":"https:\/\/mancomun.gal\/obradoiro-sobre-ofimatica-e-navegacion-web-en-cerceda\/"},"modified":"2023-05-09T18:58:26","modified_gmt":"2023-05-09T16:58:26","slug":"obradoiro-sobre-ofimatica-e-navegacion-web-en-cerceda","status":"publish","type":"post","link":"https:\/\/mancomun.gal\/es\/obradoiro-sobre-ofimatica-e-navegacion-web-en-cerceda\/","title":{"rendered":"Obradoiro sobre ofim\u00e1tica e navegaci\u00f3n web en Cerceda"},"content":{"rendered":"<p align=\"justify\"><img loading=\"lazy\" decoding=\"async\" src=\"https:\/\/www.mancomun.gal\/wp-content\/uploads\/uploads\/pics\/banners\/rede-dinamizadores-banner.jpg\" alt=\"Rede de Dinamizaci\u00f3n da Sociedade da Informaci\u00f3n\" title=\"Rede de Dinamizaci\u00f3n da Sociedade da Informaci\u00f3n\" hspace=\"8\" vspace=\"1\" width=\"120\" height=\"56\" align=\"left\" \/>Desde este mes at\u00e9 setembro vaise celebrar un <a href=\"https:\/\/dinamiza.sociedadedainformacion.eu\/web\/index.php?mod=noticias_centro&#038;idc=16&#038;ide=126\" target=\"_blank\" title=\"Obradoiro en Cerceda\" rel=\"noopener\">obradoiro para nenos e nenas de 8 a 11 anos de idade en Cerceda<\/a>. Neste obradoiro no que os nenos e nenas aprender\u00e1n o manexo do ordenador pret\u00e9ndese realizar un achegamento \u00e1s posibilidades que o Software Libre ofrece tanto a nivel de procesadores de texto e navegaci\u00f3n en Internet. Estar\u00e1 dividido en 4 horarios distintos segundo a idade dos participantes e ter\u00e1n lugar de luns a xoves de 11:00 a 12:00 da ma\u00f1\u00e1. Este evento est\u00e1 organizado pola <a href=\"https:\/\/dinamiza.sociedadedainformacion.eu\" target=\"_blank\" title=\"Rede de Dinamizaci\u00f3n da Sociedade da Informaci\u00f3n\" rel=\"noopener\">Rede de Dinamizaci\u00f3n da Sociedade da Informaci\u00f3n<\/a>.\u00a0 <\/p>\n<p>\nM\u00e1is eventos na nosa <a href=\"https:\/\/www.mancomun.gal\/index.php?option=com_extcalendar&#038;extmode=day&#038;date=2007-07-04\" target=\"_blank\" title=\"Axenda de eventos\" rel=\"noopener\">axenda<\/a>.<\/p>\n","protected":false},"excerpt":{"rendered":"<p align=\"justify\"><img loading=\"lazy\" decoding=\"async\" src=\"https:\/\/www.mancomun.gal\/wp-content\/uploads\/uploads\/pics\/banners\/rede-dinamizadores-banner.jpg\" alt=\"Rede de Dinamizaci\u00f3n da Sociedade da Informaci\u00f3n\" title=\"Rede de Dinamizaci\u00f3n da Sociedade da Informaci\u00f3n\" hspace=\"8\" vspace=\"1\" width=\"120\" height=\"56\" align=\"left\" \/>Desde este mes at\u00e9 setembro vaise celebrar un <a href=\"https:\/\/dinamiza.sociedadedainformacion.eu\/web\/index.php?mod=noticias_centro&#038;idc=16&#038;ide=126\" target=\"_blank\" title=\"Obradoiro en Cerceda\" rel=\"noopener\">obradoiro para nenos e nenas de 8 a 11 anos de idade en Cerceda<\/a>. Neste obradoiro no que os nenos e nenas aprender\u00e1n o manexo do ordenador pret\u00e9ndese realizar un achegamento \u00e1s posibilidades que o Software Libre ofrece tanto a nivel de procesadores de texto e navegaci\u00f3n en Internet. Estar\u00e1 dividido en 4 horarios distintos segundo a idade dos participantes e ter\u00e1n lugar de luns a xoves de 11:00 a 12:00 da ma\u00f1\u00e1. Este evento est\u00e1 organizado pola <a href=\"https:\/\/dinamiza.sociedadedainformacion.eu\" target=\"_blank\" title=\"Rede de Dinamizaci\u00f3n da Sociedade da Informaci\u00f3n\" rel=\"noopener\">Rede de Dinamizaci\u00f3n da Sociedade da Informaci\u00f3n<\/a>.\u00a0 <\/p>\n","protected":false},"author":5,"featured_media":0,"comment_status":"open","ping_status":"open","sticky":false,"template":"","format":"standard","meta":{"footnotes":""},"categories":[],"tags":[],"class_list":["post-36250","post","type-post","status-publish","format-standard","hentry"],"acf":[],"_links":{"self":[{"href":"https:\/\/mancomun.gal\/es\/wp-json\/wp\/v2\/posts\/36250","targetHints":{"allow":["GET"]}}],"collection":[{"href":"https:\/\/mancomun.gal\/es\/wp-json\/wp\/v2\/posts"}],"about":[{"href":"https:\/\/mancomun.gal\/es\/wp-json\/wp\/v2\/types\/post"}],"author":[{"embeddable":true,"href":"https:\/\/mancomun.gal\/es\/wp-json\/wp\/v2\/users\/5"}],"replies":[{"embeddable":true,"href":"https:\/\/mancomun.gal\/es\/wp-json\/wp\/v2\/comments?post=36250"}],"version-history":[{"count":1,"href":"https:\/\/mancomun.gal\/es\/wp-json\/wp\/v2\/posts\/36250\/revisions"}],"predecessor-version":[{"id":36251,"href":"https:\/\/mancomun.gal\/es\/wp-json\/wp\/v2\/posts\/36250\/revisions\/36251"}],"wp:attachment":[{"href":"https:\/\/mancomun.gal\/es\/wp-json\/wp\/v2\/media?parent=36250"}],"wp:term":[{"taxonomy":"category","embeddable":true,"href":"https:\/\/mancomun.gal\/es\/wp-json\/wp\/v2\/categories?post=36250"},{"taxonomy":"post_tag","embeddable":true,"href":"https:\/\/mancomun.gal\/es\/wp-json\/wp\/v2\/tags?post=36250"}],"curies":[{"name":"wp","href":"https:\/\/api.w.org\/{rel}","templated":true}]}}