{"id":36257,"date":"2007-07-05T01:00:00","date_gmt":"2007-07-04T23:00:00","guid":{"rendered":"https:\/\/mancomun.gal\/a-escola-superior-de-xirona-acolle-as-vi-xornadas-de-softwarelibre\/"},"modified":"2007-07-05T01:00:00","modified_gmt":"2007-07-04T23:00:00","slug":"a-escola-superior-de-xirona-acolle-as-vi-xornadas-de-softwarelibre","status":"publish","type":"post","link":"https:\/\/mancomun.gal\/es\/a-escola-superior-de-xirona-acolle-as-vi-xornadas-de-softwarelibre\/","title":{"rendered":"A Escola Superior de Xirona acolle as VI Xornadas de SoftwareLibre"},"content":{"rendered":"<p align=\"justify\">UPCnet patrocinar\u00e1 as VI Xornadas de Software Libre que ter\u00e1n lugar na Escola Superior de Xirona do 4 ao 7 de xullo. As xornadas te\u00f1en como obxectivo principal a difusi\u00f3n do Software Libre, a promoci\u00f3n dos seus aspectos t\u00e9cnicos e mais cient\u00edficos e supo\u00f1en un punto de encontro entre os profesionais do Software Libre.<\/p>\n<div align=\"justify\">  <\/div>\n<p align=\"justify\">UPCnet achegaralle o seu co\u00f1ecemento \u00e1 comunidade de Software Libre, participando no sprint de Plone, xestor de contidos desenvolvido en Software Libre, que ter\u00e1 lugar do 6 ao 8 de xullo&#8230;<\/p>\n<div align=\"justify\"> O sprint \u00e9 un encontro de expertos que ten como obxectivo constru\u00edr en tres d\u00edas un novo produto de xesti\u00f3n de m\u00faltiplos idiomas para Plone. No encontro participar\u00e1n l\u00edderes mundiais de Plone e expertos do contorno UPC. Por parte de UPCnet participar\u00e1n V\u00edctor Fern\u00e1ndez de Alba, enxe\u00f1eiro t\u00e9cnico de Telecomunicaci\u00f3ns.  <\/div>\n<p align=\"justify\">Marcos Montero, xestor de proxectos de UPCnet, impartir\u00e1 a conferencia \u00abA implantaci\u00f3n de Moodle na UPC: arquitectura e rendemento\u00bb o venres 6 de xullo. O relatorio tratar\u00e1 sobre o dese\u00f1o e a implantaci\u00f3n dunha arquitectura Moodle (plataforma virtual para a docencia), con capacidade para 30 000 usuarios.<\/p>\n<div align=\"justify\">  <\/div>\n<p align=\"justify\">Fonte: <a href=\"http:\/\/www.laflecha.net\/canales\/softlibre\/noticias\/la-escuela-superior-de-gerona-acoge-desde-hoy-las-vi-jornadas-de-software-libre?from=rss\" target=\"_blank\" title=\"http:\/\/www.laflecha.net\/canales\/softlibre\/noticias\/la-escuela-superior-de-gerona-acoge-desde-hoy-las-vi-jornadas-de-software-libre?from=rss\" rel=\"noopener\">La Flecha<\/a><\/p>\n<p align=\"justify\">\u00a0<\/p>\n<p align=\"justify\">Web das xornadas: <a href=\"http:\/\/www.jornadespl.org\" target=\"_blank\" title=\"http:\/\/www.jornadespl.org\/\" rel=\"noopener\">jornades.pl<\/a><\/p>\n","protected":false},"excerpt":{"rendered":"<p align=\"justify\">UPCnet patrocinar\u00e1 as VI Xornadas de Software Libre que ter\u00e1n lugar na Escola Superior de Xirona do 4 ao 7 de xullo. As xornadas te\u00f1en como obxectivo principal a difusi\u00f3n do Software Libre, a promoci\u00f3n dos seus aspectos t\u00e9cnicos e mais cient\u00edficos e supo\u00f1en un punto de encontro entre os profesionais do Software Libre.<\/p>\n<div align=\"justify\">  <\/div>\n<p align=\"justify\">UPCnet achegaralle o seu co\u00f1ecemento \u00e1 comunidade de Software Libre, participando no sprint de Plone, xestor de contidos desenvolvido en Software Libre, que ter\u00e1 lugar do 6 ao 8 de xullo&#8230;<\/p>\n","protected":false},"author":5,"featured_media":0,"comment_status":"open","ping_status":"open","sticky":false,"template":"","format":"standard","meta":{"footnotes":""},"categories":[],"tags":[],"class_list":["post-36257","post","type-post","status-publish","format-standard","hentry"],"acf":[],"_links":{"self":[{"href":"https:\/\/mancomun.gal\/es\/wp-json\/wp\/v2\/posts\/36257","targetHints":{"allow":["GET"]}}],"collection":[{"href":"https:\/\/mancomun.gal\/es\/wp-json\/wp\/v2\/posts"}],"about":[{"href":"https:\/\/mancomun.gal\/es\/wp-json\/wp\/v2\/types\/post"}],"author":[{"embeddable":true,"href":"https:\/\/mancomun.gal\/es\/wp-json\/wp\/v2\/users\/5"}],"replies":[{"embeddable":true,"href":"https:\/\/mancomun.gal\/es\/wp-json\/wp\/v2\/comments?post=36257"}],"version-history":[{"count":0,"href":"https:\/\/mancomun.gal\/es\/wp-json\/wp\/v2\/posts\/36257\/revisions"}],"wp:attachment":[{"href":"https:\/\/mancomun.gal\/es\/wp-json\/wp\/v2\/media?parent=36257"}],"wp:term":[{"taxonomy":"category","embeddable":true,"href":"https:\/\/mancomun.gal\/es\/wp-json\/wp\/v2\/categories?post=36257"},{"taxonomy":"post_tag","embeddable":true,"href":"https:\/\/mancomun.gal\/es\/wp-json\/wp\/v2\/tags?post=36257"}],"curies":[{"name":"wp","href":"https:\/\/api.w.org\/{rel}","templated":true}]}}