{"id":36259,"date":"2007-07-05T08:08:33","date_gmt":"2007-07-05T06:08:33","guid":{"rendered":"https:\/\/mancomun.gal\/curso-de-contabilidade-no-telecentro-de-o-grove\/"},"modified":"2023-05-09T19:12:08","modified_gmt":"2023-05-09T17:12:08","slug":"curso-de-contabilidade-no-telecentro-de-o-grove","status":"publish","type":"post","link":"https:\/\/mancomun.gal\/es\/curso-de-contabilidade-no-telecentro-de-o-grove\/","title":{"rendered":"Curso de contabilidade no telecentro de O Grove"},"content":{"rendered":"<p align=\"justify\"><img loading=\"lazy\" decoding=\"async\" src=\"https:\/\/www.mancomun.gal\/wp-content\/uploads\/uploads\/pics\/banners\/rede-dinamizadores-banner.jpg\" alt=\"Rede de Dinamizaci\u00f3n\" title=\"Rede de Dinamizaci\u00f3n\" hspace=\"5\" vspace=\"1\" width=\"120\" height=\"56\" align=\"left\" \/>O equipo da <a href=\"https:\/\/dinamiza.sociedadedainformacion.eu\/web\/index.php\" target=\"_blank\" title=\"Rede de Dinamizaci\u00f3n da Sociedade da Informaci\u00f3n\" rel=\"noopener\">Rede de Dinamizaci\u00f3n da Sociedade da Informaci\u00f3n <\/a> na comarca do Saln\u00e9s (CCSaln\u00e9s, Concello de Sanxenxo e Asociaci\u00f3n de Empresarios do Saln\u00e9s) v\u00e9n de xestionar un <a href=\"https:\/\/dinamiza.sociedadedainformacion.eu\/web\/index.php?mod=noticias_centro&#038;idc=77&#038;ide=134\" target=\"_blank\" title=\"Curso da Rede de Dinamizaci\u00f3n\" rel=\"noopener\">Curso da Rede de Dinamizaci\u00f3n<\/a>  en colaboraci\u00f3n con Mancomun.org. O curso impartirase no telecentro de O Grove do 5 ao 20 de xullo en horario de 20:30 a 22:30. Todas as prazas est\u00e1n cubertas.<\/p>\n<p align=\"justify\">O curso empregar\u00e1 ferramentas de Software Libre como un xeito de mellorar os par\u00e1metros produtivos e sociais das empresas galegas. Os organizadores agradecen a colaboraci\u00f3n prestada polas persoas responsables da \u00abCasa Azul\u00bb (como popularmente se co\u00f1ece o edificio onde est\u00e1 ubicado o telecentro) tanto na recollida de solicitudes como na disposici\u00f3n prestada para poder facer uso da aula. <\/p>\n<p align=\"justify\">\u00a0<\/p>\n<p>\nM\u00e1is eventos na nosa <a href=\"https:\/\/www.mancomun.gal\/index.php?option=com_extcalendar&#038;Itemid=99999999&#038;extmode=cal\" target=\"_blank\" title=\"Axenda\" rel=\"noopener\">axenda<\/a>.<\/p>\n","protected":false},"excerpt":{"rendered":"<p align=\"justify\"><img loading=\"lazy\" decoding=\"async\" src=\"https:\/\/www.mancomun.gal\/wp-content\/uploads\/uploads\/pics\/banners\/rede-dinamizadores-banner.jpg\" alt=\"Rede de Dinamizaci\u00f3n\" title=\"Rede de Dinamizaci\u00f3n\" hspace=\"5\" vspace=\"1\" width=\"120\" height=\"56\" align=\"left\" \/>O equipo da <a href=\"https:\/\/dinamiza.sociedadedainformacion.eu\/web\/index.php\" target=\"_blank\" title=\"Rede de Dinamizaci\u00f3n da Sociedade da Informaci\u00f3n\" rel=\"noopener\">Rede de Dinamizaci\u00f3n da Sociedade da Informaci\u00f3n <\/a> na comarca do Saln\u00e9s (CCSaln\u00e9s, Concello de Sanxenxo e Asociaci\u00f3n de Empresarios do Saln\u00e9s) v\u00e9n de xestionar un <a href=\"https:\/\/dinamiza.sociedadedainformacion.eu\/web\/index.php?mod=noticias_centro&#038;idc=77&#038;ide=134\" target=\"_blank\" title=\"Curso da Rede de Dinamizaci\u00f3n\" rel=\"noopener\">Curso da Rede de Dinamizaci\u00f3n<\/a>  en colaboraci\u00f3n con Mancomun.org. O curso impartirase no telecentro de O Grove do 5 ao 20 de xullo en horario de 20:30 a 22:30. Todas as prazas est\u00e1n cubertas.<\/p>\n<p align=\"justify\">O curso empregar\u00e1 ferramentas de Software Libre como un xeito de mellorar os par\u00e1metros produtivos e sociais das empresas galegas. Os organizadores agradecen a colaboraci\u00f3n prestada polas persoas responsables da \u00abCasa Azul\u00bb (como popularmente se co\u00f1ece o edificio onde est\u00e1 ubicado o telecentro) tanto na recollida de solicitudes como na disposici\u00f3n prestada para poder facer uso da aula. <\/p>\n<p align=\"justify\">\u00a0<\/p>\n","protected":false},"author":5,"featured_media":0,"comment_status":"open","ping_status":"open","sticky":false,"template":"","format":"standard","meta":{"footnotes":""},"categories":[],"tags":[],"class_list":["post-36259","post","type-post","status-publish","format-standard","hentry"],"acf":[],"_links":{"self":[{"href":"https:\/\/mancomun.gal\/es\/wp-json\/wp\/v2\/posts\/36259","targetHints":{"allow":["GET"]}}],"collection":[{"href":"https:\/\/mancomun.gal\/es\/wp-json\/wp\/v2\/posts"}],"about":[{"href":"https:\/\/mancomun.gal\/es\/wp-json\/wp\/v2\/types\/post"}],"author":[{"embeddable":true,"href":"https:\/\/mancomun.gal\/es\/wp-json\/wp\/v2\/users\/5"}],"replies":[{"embeddable":true,"href":"https:\/\/mancomun.gal\/es\/wp-json\/wp\/v2\/comments?post=36259"}],"version-history":[{"count":1,"href":"https:\/\/mancomun.gal\/es\/wp-json\/wp\/v2\/posts\/36259\/revisions"}],"predecessor-version":[{"id":36260,"href":"https:\/\/mancomun.gal\/es\/wp-json\/wp\/v2\/posts\/36259\/revisions\/36260"}],"wp:attachment":[{"href":"https:\/\/mancomun.gal\/es\/wp-json\/wp\/v2\/media?parent=36259"}],"wp:term":[{"taxonomy":"category","embeddable":true,"href":"https:\/\/mancomun.gal\/es\/wp-json\/wp\/v2\/categories?post=36259"},{"taxonomy":"post_tag","embeddable":true,"href":"https:\/\/mancomun.gal\/es\/wp-json\/wp\/v2\/tags?post=36259"}],"curies":[{"name":"wp","href":"https:\/\/api.w.org\/{rel}","templated":true}]}}