{"id":36327,"date":"2007-07-16T13:14:06","date_gmt":"2007-07-16T11:14:06","guid":{"rendered":"https:\/\/mancomun.gal\/o-parlamento-italiano-migra-3-500-computadores-a-software-libre\/"},"modified":"2023-05-09T19:36:02","modified_gmt":"2023-05-09T17:36:02","slug":"o-parlamento-italiano-migra-3-500-computadores-a-software-libre","status":"publish","type":"post","link":"https:\/\/mancomun.gal\/es\/o-parlamento-italiano-migra-3-500-computadores-a-software-libre\/","title":{"rendered":"O parlamento italiano migra 3.500 computadores a Software Libre"},"content":{"rendered":"<p align=\"justify\">Despois da migraci\u00f3n a GNU\/Linux do parlamento franc\u00e9s, agora t\u00f3calle a vez ao parlamento italiano. A <img loading=\"lazy\" decoding=\"async\" src=\"https:\/\/mancomun.gal\/wp-content\/uploads\/2022\/09\/tux_grande.jpg\" border=\"0\" alt=\"http:\/\/www.mancomun.org\/images\/stories\/tux_grande.jpg\" title=\"http:\/\/www.mancomun.org\/images\/stories\/tux_grande.jpg\" hspace=\"7\" vspace=\"0\" width=\"120\" height=\"143\" align=\"right\" \/>migraci\u00f3n afectar\u00e1 a uns 3500 computadores, tanto de uso individual como servidores, e os deputados tam\u00e9n poder\u00e1n pedir que se lles migre os seus computadores persoais a Software Libre.<\/p>\n<p align=\"justify\">A toma desta decisi\u00f3n estivo motivada por varias raz\u00f3ns:<\/p>\n<div align=\"justify\">\n<ul>\n<li>A primeira \u00e9 que permitir\u00e1 aforrar m\u00e1is de 3 mill\u00f3ns de euros en licenzas ao ano (o custe anual por cada computador ronda os 900\u20ac).<\/li>\n<li>A segunda \u00e9 que \u00e9 un gran paso cara adiante na independencia e liberdade tecnol\u00f3xica, escapando do software propietario.<\/li>\n<li>Hai moitas m\u00e1is raz\u00f3ns t\u00e9cnicas, pero a m\u00e1is importante \u00e9 o nivel de seguridade que o Software Libre dar\u00e1 ao sistema inform\u00e1tico do parlamento&#8230;<\/li>\n<\/ul>\n<\/div>\n<p><\/p>\n<p>\u00a0<\/p>\n<p>Segundo un <a href=\"http:\/\/uk.theinquirer.net\/?article=40957\" target=\"_blank\" title=\"http:\/\/uk.theinquirer.net\/?article=40957\" rel=\"noopener\">artigo do xornal \u00abThe Inquirer\u00bb<\/a>, a migraci\u00f3n comezar\u00e1 en setembro de 2007 e durar\u00e1 uns dous anos. O sistema operativo elixido ser\u00e1 SuSE Linux.<\/p>\n<p>Fonte orixinal:<br \/><a href=\"http:\/\/3v1n0.tuxfamily.org\/blog\/linux-docs\/italian-parliament-moves-to-linux\">Trevi\u00f1o&#8217;s Blog<\/a><\/p>\n","protected":false},"excerpt":{"rendered":"<p align=\"justify\">Despois da migraci\u00f3n a GNU\/Linux do parlamento franc\u00e9s, agora t\u00f3calle a vez ao parlamento italiano. A <img loading=\"lazy\" decoding=\"async\" src=\"https:\/\/www.mancomun.gal\/wp-content\/uploads\/uploads\/pics\/stories\/tux_grande.jpg\" border=\"0\" alt=\"http:\/\/www.mancomun.org\/images\/stories\/tux_grande.jpg\" title=\"http:\/\/www.mancomun.org\/images\/stories\/tux_grande.jpg\" hspace=\"7\" vspace=\"0\" width=\"120\" height=\"143\" align=\"right\" \/>migraci\u00f3n afectar\u00e1 a uns 3500 computadores, tanto de uso individual como servidores, e os deputados tam\u00e9n poder\u00e1n pedir que se lles migre os seus computadores persoais a Software Libre.<\/p>\n<p align=\"justify\">A toma desta decisi\u00f3n estivo motivada por varias raz\u00f3ns:<\/p>\n<div align=\"justify\">\n<ul>\n<li>A primeira \u00e9 que permitir\u00e1 aforrar m\u00e1is de 3 mill\u00f3ns de euros en licenzas ao ano (o custe anual por cada computador ronda os 900\u20ac).<\/li>\n<li>A segunda \u00e9 que \u00e9 un gran paso cara adiante na independencia e liberdade tecnol\u00f3xica, escapando do software propietario.<\/li>\n<li>Hai moitas m\u00e1is raz\u00f3ns t\u00e9cnicas, pero a m\u00e1is importante \u00e9 o nivel de seguridade que o Software Libre dar\u00e1 ao sistema inform\u00e1tico do parlamento&#8230;<\/li>\n<\/ul>\n<\/div>\n","protected":false},"author":5,"featured_media":1142,"comment_status":"open","ping_status":"open","sticky":false,"template":"","format":"standard","meta":{"footnotes":""},"categories":[],"tags":[],"class_list":["post-36327","post","type-post","status-publish","format-standard","has-post-thumbnail","hentry"],"acf":[],"_links":{"self":[{"href":"https:\/\/mancomun.gal\/es\/wp-json\/wp\/v2\/posts\/36327","targetHints":{"allow":["GET"]}}],"collection":[{"href":"https:\/\/mancomun.gal\/es\/wp-json\/wp\/v2\/posts"}],"about":[{"href":"https:\/\/mancomun.gal\/es\/wp-json\/wp\/v2\/types\/post"}],"author":[{"embeddable":true,"href":"https:\/\/mancomun.gal\/es\/wp-json\/wp\/v2\/users\/5"}],"replies":[{"embeddable":true,"href":"https:\/\/mancomun.gal\/es\/wp-json\/wp\/v2\/comments?post=36327"}],"version-history":[{"count":1,"href":"https:\/\/mancomun.gal\/es\/wp-json\/wp\/v2\/posts\/36327\/revisions"}],"predecessor-version":[{"id":36328,"href":"https:\/\/mancomun.gal\/es\/wp-json\/wp\/v2\/posts\/36327\/revisions\/36328"}],"wp:featuredmedia":[{"embeddable":true,"href":"https:\/\/mancomun.gal\/es\/wp-json\/wp\/v2\/media\/1142"}],"wp:attachment":[{"href":"https:\/\/mancomun.gal\/es\/wp-json\/wp\/v2\/media?parent=36327"}],"wp:term":[{"taxonomy":"category","embeddable":true,"href":"https:\/\/mancomun.gal\/es\/wp-json\/wp\/v2\/categories?post=36327"},{"taxonomy":"post_tag","embeddable":true,"href":"https:\/\/mancomun.gal\/es\/wp-json\/wp\/v2\/tags?post=36327"}],"curies":[{"name":"wp","href":"https:\/\/api.w.org\/{rel}","templated":true}]}}