{"id":36335,"date":"2007-07-17T11:49:14","date_gmt":"2007-07-17T09:49:14","guid":{"rendered":"https:\/\/mancomun.gal\/a-epo-non-reabrira-o-debate-sobre-as-patentes-de-software\/"},"modified":"2007-07-17T11:49:14","modified_gmt":"2007-07-17T09:49:14","slug":"a-epo-non-reabrira-o-debate-sobre-as-patentes-de-software","status":"publish","type":"post","link":"https:\/\/mancomun.gal\/es\/a-epo-non-reabrira-o-debate-sobre-as-patentes-de-software\/","title":{"rendered":"A EPO non reabrir\u00e1 o debate sobre as patentes de software"},"content":{"rendered":"<p align=\"justify\">A <a href=\"http:\/\/www.epo.org\" target=\"_blank\" title=\"EPO web\" rel=\"noopener\">Oficina de Patentes Europea<\/a>  (EPO) organizou este mes de xullo unha conferencia na que foron invitados uns 100 membros do parlamento, representantes da industria, ONG e expertos. O obxecto do evento foi examinar a situaci\u00f3n actual en relaci\u00f3n co debate sobre as patentes de software.<\/p>\n<p align=\"justify\">A principal conclusi\u00f3n, despois de dous anos do seu rexeitamento no Parlamento Europeo, \u00e9 que non reabrir\u00e1n o debate sobre as patentes de software, nin promover\u00e1n nova lexislaci\u00f3n neste eido. <\/p>\n<p><\/p>\n<p align=\"justify\">Segundo se le na propia p\u00e1xina da EPO: \u00abTodos os relatores recibiron con inequ\u00edvoco agrado a oportunidade de discutir o asunto a alto nivel, e deixaron claro que un novo debate sobre as invenci\u00f3ns implementadas con computadores seguido de modificaci\u00f3ns legais non era nin necesario nin desexable\u00bb. <\/p>\n<p align=\"justify\">Fonte.- <a href=\"http:\/\/www.epo.org\/focus\/news\/2007\/20070706.html\" target=\"_blank\" rel=\"noopener\">European Patent Office<\/a>\u00a0 <\/p>\n","protected":false},"excerpt":{"rendered":"<p align=\"justify\">A <a href=\"http:\/\/www.epo.org\" target=\"_blank\" title=\"EPO web\" rel=\"noopener\">Oficina de Patentes Europea<\/a>  (EPO) organizou este mes de xullo unha conferencia na que foron invitados uns 100 membros do parlamento, representantes da industria, ONG e expertos. O obxecto do evento foi examinar a situaci\u00f3n actual en relaci\u00f3n co debate sobre as patentes de software.<\/p>\n<p align=\"justify\">A principal conclusi\u00f3n, despois de dous anos do seu rexeitamento no Parlamento Europeo, \u00e9 que non reabrir\u00e1n o debate sobre as patentes de software, nin promover\u00e1n nova lexislaci\u00f3n neste eido. <\/p>\n","protected":false},"author":5,"featured_media":0,"comment_status":"open","ping_status":"open","sticky":false,"template":"","format":"standard","meta":{"footnotes":""},"categories":[],"tags":[],"class_list":["post-36335","post","type-post","status-publish","format-standard","hentry"],"acf":[],"_links":{"self":[{"href":"https:\/\/mancomun.gal\/es\/wp-json\/wp\/v2\/posts\/36335","targetHints":{"allow":["GET"]}}],"collection":[{"href":"https:\/\/mancomun.gal\/es\/wp-json\/wp\/v2\/posts"}],"about":[{"href":"https:\/\/mancomun.gal\/es\/wp-json\/wp\/v2\/types\/post"}],"author":[{"embeddable":true,"href":"https:\/\/mancomun.gal\/es\/wp-json\/wp\/v2\/users\/5"}],"replies":[{"embeddable":true,"href":"https:\/\/mancomun.gal\/es\/wp-json\/wp\/v2\/comments?post=36335"}],"version-history":[{"count":0,"href":"https:\/\/mancomun.gal\/es\/wp-json\/wp\/v2\/posts\/36335\/revisions"}],"wp:attachment":[{"href":"https:\/\/mancomun.gal\/es\/wp-json\/wp\/v2\/media?parent=36335"}],"wp:term":[{"taxonomy":"category","embeddable":true,"href":"https:\/\/mancomun.gal\/es\/wp-json\/wp\/v2\/categories?post=36335"},{"taxonomy":"post_tag","embeddable":true,"href":"https:\/\/mancomun.gal\/es\/wp-json\/wp\/v2\/tags?post=36335"}],"curies":[{"name":"wp","href":"https:\/\/api.w.org\/{rel}","templated":true}]}}